{"id":318291,"date":"2024-09-07T16:55:01","date_gmt":"2024-09-07T21:55:01","guid":{"rendered":"https:\/\/www.liveaction.org\/news\/?p=318291"},"modified":"2024-09-09T13:42:18","modified_gmt":"2024-09-09T18:42:18","slug":"argentina-ex-president-accused-forcing-wife-abortion","status":"publish","type":"post","link":"https:\/\/archive.liveaction.org\/news\/argentina-ex-president-accused-forcing-wife-abortion\/","title":{"rendered":"Argentina&#8217;s ex-president, a pro-abortion &#8216;champion,&#8217; accused of coercing wife to have abortion"},"content":{"rendered":"<div style=\"margin-top: 0px; margin-bottom: 0px;\" class=\"sharethis-inline-share-buttons\" ><\/div><p>The ex-wife of Alberto Fern\u00e1ndez, the former president of Argentina, has accused him of abuse, including coercing her to have an abortion.<\/p>\n<p>Fabiola Y\u00e1\u00f1ez, Argentina&#8217;s former first lady, <a href=\"https:\/\/www.batimes.com.ar\/news\/argentina\/yanez-details-fernandez-gender-violence-claims-in-four-hour-testimony-to-prosecutor.phtml#:~:text=She%20accused%20the%20former%20president%20of%20enacting%20%E2%80%9Creproductive%20violence%22%20on%20her%20by%20pressuring%20her%20to%20have%20an%20abortion%20that%20same%20year.%C2%A0\" target=\"_blank\" rel=\"noopener\">testified<\/a> for four hours from Madrid in the gender violence case brought against Fern\u00e1ndez. <a href=\"https:\/\/www.nytimes.com\/2024\/08\/15\/world\/americas\/argentina-president-fernandez-abuse.html#:~:text=forced%20her%20to%20have%20an%20abortion%20in%202016\" target=\"_blank\" rel=\"noopener\">According to prosecutors<\/a>, Fern\u00e1ndez is guilty of causing \u201cgrievous bodily harm\u201d to Y\u00e1\u00f1ez, and making \u201ccoercive threats\u201d against her.<\/p>\n<p>Y\u00e1\u00f1ez claims that while living in the presidential residence near Buenos Aires, Fern\u00e1ndez allegedly subjected her to psychological abuse, and physically assaulted her numerous times. &#8220;We had argued before, a lot, as was usual, and as a closing of the argument, he hit me from his side of the bed with a terrible blow from the fist,&#8221; she said in a written statement. Photographs introduced in the trial showed Y\u00e1\u00f1ez with a black eye.<\/p>\n<p>Y\u00e1\u00f1ez also said Fern\u00e1ndez forced her to have an abortion in 2016, while it was still illegal. She described this as &#8220;reproductive violence.&#8221;<\/p>\n<p>Fern\u00e1ndez denies all of Y\u00e1\u00f1ez&#8217; claims. \u201cI am being accused of something I have not done. I have not hit Fabiola. I have never hit a woman,&#8221; he said. \u201cFor four years I was president of this country and I promoted gender policies and I know that in cases like this the burden of proof is reversed and the man is presumed guilty and has to prove his innocence. I am going to prove it. What I&#8217;m going to do is wait, go to the justice system and let the justice system resolve it.&#8221;<\/p>\n<p>While president, Fern\u00e1ndez <a href=\"https:\/\/archive.liveaction.org\/news\/argentina-president-legalize-abortion-end-2020\/\" target=\"_blank\" rel=\"noopener\">vowed<\/a> to legalize abortion by 2020, despite the fact that much of Argentina is pro-life. The senate complied, voting to <a href=\"https:\/\/archive.liveaction.org\/news\/breaking-argentina-legalizes-abortion\/\" target=\"_blank\" rel=\"noopener\">legalize abortion<\/a> for any reason through 14 weeks gestation. By <a href=\"https:\/\/www.ehd.org\/science_main.php?level=i\" target=\"_blank\" rel=\"noopener\">14 weeks<\/a>, preborn children are already well-developed, and can likely feel pain.<\/p>\n<p style=\"text-align: center;\"><iframe loading=\"lazy\" title=\"YouTube video player\" src=\"https:\/\/www.youtube.com\/embed\/5ezn-9q2SYM?si=uI2HHBMPfAox51Md\" width=\"640\" height=\"355\" frameborder=\"0\" allowfullscreen=\"allowfullscreen\"><span data-mce-type=\"bookmark\" style=\"display: inline-block; width: 0px; overflow: hidden; line-height: 0;\" class=\"mce_SELRES_start\">\ufeff<\/span><\/iframe><\/p>\n<p><a href=\"https:\/\/archive.liveaction.org\/news\/thousands-march-argentina-protest-efforts-legalize-abortion\/\" target=\"_blank\" rel=\"noopener\">Thousands<\/a> mobilized against the push to legalize abortion, and Pope Francis, who is from Argentina, publicly expressed his opposition. In his statements, Pope Francis compared abortion to <a href=\"https:\/\/archive.liveaction.org\/news\/pope-francis-abortion-like-hitman\/\" target=\"_blank\" rel=\"noopener\">hiring a hitman<\/a> to kill an innocent person.<\/p>\n<p>Fern\u00e1ndez&#8217; successor, Javier Milei, also <a href=\"https:\/\/archive.liveaction.org\/news\/argentina-pro-life-president-abortion-referendum\/\" target=\"_blank\" rel=\"noopener\">decried<\/a> the legalization of abortion, saying that \u201c[o]ne of the most fundamental aspects [of true liberalism] is to defend the right to life.\u201d<\/p>\n<p style=\"text-align: center;\"><a href=\"https:\/\/www.liveaction.org\/resist-pressure-to-dispense-the-abortion-pill\/\"><b><i>Urge Walmart, Costco, Kroger, and other major chains to resist pressure to dispense the abortion pill<\/i><\/b><\/a><\/p>\n","protected":false},"excerpt":{"rendered":"<p>The ex-wife of Alberto Fern\u00e1ndez, the former president of Argentina, has accused him of abuse, including coercing her to have an abortion. Fabiola Y\u00e1\u00f1ez, Argentina&#8217;s former first lady, testified for four hours from Madrid in the gender violence case brought against Fern\u00e1ndez. According to prosecutors, Fern\u00e1ndez is guilty of causing \u201cgrievous bodily harm\u201d to Y\u00e1\u00f1ez, [&hellip;]<\/p>\n","protected":false},"author":7,"featured_media":318306,"comment_status":"closed","ping_status":"closed","sticky":false,"template":"","format":"standard","meta":{"om_disable_all_campaigns":false},"categories":[5,3473],"tags":[],"yoast_head":"<!-- This site is optimized with the Yoast SEO plugin v20.7 - https:\/\/yoast.com\/wordpress\/plugins\/seo\/ -->\n<title>Argentina&#039;s ex-president, a pro-abortion &#039;champion,&#039; accused of coercing wife to have abortion<\/title>\n<meta name=\"description\" content=\"The ex-wife of Alberto Fern\u00e1ndez, the former president of Argentina, has accused him of abuse, including forcing her to have an abortion.\" \/>\n<meta name=\"robots\" content=\"index, follow, max-snippet:-1, max-image-preview:large, max-video-preview:-1\" \/>\n<link rel=\"canonical\" href=\"https:\/\/archive.liveaction.org\/news\/argentina-ex-president-accused-forcing-wife-abortion\/\" \/>\n<meta property=\"og:locale\" content=\"en_US\" \/>\n<meta property=\"og:type\" content=\"article\" \/>\n<meta property=\"og:title\" content=\"Argentina&#039;s ex-president, a pro-abortion &#039;champion,&#039; accused of coercing wife to have abortion\" \/>\n<meta property=\"og:description\" content=\"The ex-wife of Alberto Fern\u00e1ndez, the former president of Argentina, has accused him of abuse, including forcing her to have an abortion.\" \/>\n<meta property=\"og:url\" content=\"https:\/\/archive.liveaction.org\/news\/argentina-ex-president-accused-forcing-wife-abortion\/\" \/>\n<meta property=\"og:site_name\" content=\"Live Action News\" \/>\n<meta property=\"article:publisher\" content=\"https:\/\/www.facebook.com\/liveaction\" \/>\n<meta property=\"article:published_time\" content=\"2024-09-07T21:55:01+00:00\" \/>\n<meta property=\"article:modified_time\" content=\"2024-09-09T18:42:18+00:00\" \/>\n<meta property=\"og:image\" content=\"https:\/\/archive.liveaction.org\/news\/wp-content\/uploads\/2024\/09\/GettyImages-1401860906-argentina-Alberto-Fernandez.jpg\" \/>\n\t<meta property=\"og:image:width\" content=\"1200\" \/>\n\t<meta property=\"og:image:height\" content=\"650\" \/>\n\t<meta property=\"og:image:type\" content=\"image\/jpeg\" \/>\n<meta name=\"author\" content=\"Cassy Cooke\" \/>\n<meta name=\"twitter:card\" content=\"summary_large_image\" \/>\n<meta name=\"twitter:creator\" content=\"@liveaction\" \/>\n<meta name=\"twitter:site\" content=\"@liveaction\" \/>\n<meta name=\"twitter:label1\" content=\"Written by\" \/>\n\t<meta name=\"twitter:data1\" content=\"Cassy Cooke\" \/>\n\t<meta name=\"twitter:label2\" content=\"Est. reading time\" \/>\n\t<meta name=\"twitter:data2\" content=\"2 minutes\" \/>\n<script type=\"application\/ld+json\" class=\"yoast-schema-graph\">{\"@context\":\"https:\/\/schema.org\",\"@graph\":[{\"@type\":\"Article\",\"@id\":\"https:\/\/archive.liveaction.org\/news\/argentina-ex-president-accused-forcing-wife-abortion\/#article\",\"isPartOf\":{\"@id\":\"https:\/\/archive.liveaction.org\/news\/argentina-ex-president-accused-forcing-wife-abortion\/\"},\"author\":{\"name\":\"Cassy Cooke\",\"@id\":\"https:\/\/archive.liveaction.org\/news\/#\/schema\/person\/16622da192101346f516b7444d125392\"},\"headline\":\"Argentina&#8217;s ex-president, a pro-abortion &#8216;champion,&#8217; accused of coercing wife to have abortion\",\"datePublished\":\"2024-09-07T21:55:01+00:00\",\"dateModified\":\"2024-09-09T18:42:18+00:00\",\"mainEntityOfPage\":{\"@id\":\"https:\/\/archive.liveaction.org\/news\/argentina-ex-president-accused-forcing-wife-abortion\/\"},\"wordCount\":400,\"publisher\":{\"@id\":\"https:\/\/archive.liveaction.org\/news\/#organization\"},\"articleSection\":[\"International\",\"Newsbreak\"],\"inLanguage\":\"en-US\"},{\"@type\":\"WebPage\",\"@id\":\"https:\/\/archive.liveaction.org\/news\/argentina-ex-president-accused-forcing-wife-abortion\/\",\"url\":\"https:\/\/archive.liveaction.org\/news\/argentina-ex-president-accused-forcing-wife-abortion\/\",\"name\":\"Argentina's ex-president, a pro-abortion 'champion,' accused of coercing wife to have abortion\",\"isPartOf\":{\"@id\":\"https:\/\/archive.liveaction.org\/news\/#website\"},\"datePublished\":\"2024-09-07T21:55:01+00:00\",\"dateModified\":\"2024-09-09T18:42:18+00:00\",\"description\":\"The ex-wife of Alberto Fern\u00e1ndez, the former president of Argentina, has accused him of abuse, including forcing her to have an abortion.\",\"breadcrumb\":{\"@id\":\"https:\/\/archive.liveaction.org\/news\/argentina-ex-president-accused-forcing-wife-abortion\/#breadcrumb\"},\"inLanguage\":\"en-US\",\"potentialAction\":[{\"@type\":\"ReadAction\",\"target\":[\"https:\/\/archive.liveaction.org\/news\/argentina-ex-president-accused-forcing-wife-abortion\/\"]}]},{\"@type\":\"BreadcrumbList\",\"@id\":\"https:\/\/archive.liveaction.org\/news\/argentina-ex-president-accused-forcing-wife-abortion\/#breadcrumb\",\"itemListElement\":[{\"@type\":\"ListItem\",\"position\":1,\"name\":\"Home\",\"item\":\"https:\/\/archive.liveaction.org\/news\/\"},{\"@type\":\"ListItem\",\"position\":2,\"name\":\"Argentina&#8217;s ex-president, a pro-abortion &#8216;champion,&#8217; accused of coercing wife to have abortion\"}]},{\"@type\":\"WebSite\",\"@id\":\"https:\/\/archive.liveaction.org\/news\/#website\",\"url\":\"https:\/\/archive.liveaction.org\/news\/\",\"name\":\"Live Action News\",\"description\":\"Covering Human Rights, Abortion, &amp; Pro-Life Issues\",\"publisher\":{\"@id\":\"https:\/\/archive.liveaction.org\/news\/#organization\"},\"potentialAction\":[{\"@type\":\"SearchAction\",\"target\":{\"@type\":\"EntryPoint\",\"urlTemplate\":\"https:\/\/archive.liveaction.org\/news\/?s={search_term_string}\"},\"query-input\":\"required name=search_term_string\"}],\"inLanguage\":\"en-US\"},{\"@type\":\"Organization\",\"@id\":\"https:\/\/archive.liveaction.org\/news\/#organization\",\"name\":\"Live Action\",\"url\":\"https:\/\/archive.liveaction.org\/news\/\",\"logo\":{\"@type\":\"ImageObject\",\"inLanguage\":\"en-US\",\"@id\":\"https:\/\/archive.liveaction.org\/news\/#\/schema\/logo\/image\/\",\"url\":\"https:\/\/archive.liveaction.org\/news\/wp-content\/uploads\/2016\/06\/Live-Action-Logo-Black.png\",\"contentUrl\":\"https:\/\/archive.liveaction.org\/news\/wp-content\/uploads\/2016\/06\/Live-Action-Logo-Black.png\",\"width\":701,\"height\":710,\"caption\":\"Live Action\"},\"image\":{\"@id\":\"https:\/\/archive.liveaction.org\/news\/#\/schema\/logo\/image\/\"},\"sameAs\":[\"https:\/\/www.facebook.com\/liveaction\",\"https:\/\/twitter.com\/liveaction\",\"https:\/\/www.instagram.com\/liveactionorg\/\",\"https:\/\/www.pinterest.com\/LiveActionFilms\/\",\"https:\/\/www.youtube.com\/user\/LiveActionFilms\"]},{\"@type\":\"Person\",\"@id\":\"https:\/\/archive.liveaction.org\/news\/#\/schema\/person\/16622da192101346f516b7444d125392\",\"name\":\"Cassy Cooke\",\"image\":{\"@type\":\"ImageObject\",\"inLanguage\":\"en-US\",\"@id\":\"https:\/\/archive.liveaction.org\/news\/#\/schema\/person\/image\/\",\"url\":\"https:\/\/secure.gravatar.com\/avatar\/8b602f8210f1a7d948ca1c0dcab11fad?s=96&d=mm&r=g\",\"contentUrl\":\"https:\/\/secure.gravatar.com\/avatar\/8b602f8210f1a7d948ca1c0dcab11fad?s=96&d=mm&r=g\",\"caption\":\"Cassy Cooke\"},\"description\":\"Cassy has over 20 years of experience as a writer and editor, most of which have been spent covering pro-life issues like abortion, disability rights, euthanasia, and more.\",\"url\":\"https:\/\/archive.liveaction.org\/news\/author\/cassy-fiano\/\"}]}<\/script>\n<!-- \/ Yoast SEO plugin. -->","yoast_head_json":{"title":"Argentina's ex-president, a pro-abortion 'champion,' accused of coercing wife to have abortion","description":"The ex-wife of Alberto Fern\u00e1ndez, the former president of Argentina, has accused him of abuse, including forcing her to have an abortion.","robots":{"index":"index","follow":"follow","max-snippet":"max-snippet:-1","max-image-preview":"max-image-preview:large","max-video-preview":"max-video-preview:-1"},"canonical":"https:\/\/archive.liveaction.org\/news\/argentina-ex-president-accused-forcing-wife-abortion\/","og_locale":"en_US","og_type":"article","og_title":"Argentina's ex-president, a pro-abortion 'champion,' accused of coercing wife to have abortion","og_description":"The ex-wife of Alberto Fern\u00e1ndez, the former president of Argentina, has accused him of abuse, including forcing her to have an abortion.","og_url":"https:\/\/archive.liveaction.org\/news\/argentina-ex-president-accused-forcing-wife-abortion\/","og_site_name":"Live Action News","article_publisher":"https:\/\/www.facebook.com\/liveaction","article_published_time":"2024-09-07T21:55:01+00:00","article_modified_time":"2024-09-09T18:42:18+00:00","og_image":[{"width":1200,"height":650,"url":"https:\/\/archive.liveaction.org\/news\/wp-content\/uploads\/2024\/09\/GettyImages-1401860906-argentina-Alberto-Fernandez.jpg","type":"image\/jpeg"}],"author":"Cassy Cooke","twitter_card":"summary_large_image","twitter_creator":"@liveaction","twitter_site":"@liveaction","twitter_misc":{"Written by":"Cassy Cooke","Est. reading time":"2 minutes"},"schema":{"@context":"https:\/\/schema.org","@graph":[{"@type":"Article","@id":"https:\/\/archive.liveaction.org\/news\/argentina-ex-president-accused-forcing-wife-abortion\/#article","isPartOf":{"@id":"https:\/\/archive.liveaction.org\/news\/argentina-ex-president-accused-forcing-wife-abortion\/"},"author":{"name":"Cassy Cooke","@id":"https:\/\/archive.liveaction.org\/news\/#\/schema\/person\/16622da192101346f516b7444d125392"},"headline":"Argentina&#8217;s ex-president, a pro-abortion &#8216;champion,&#8217; accused of coercing wife to have abortion","datePublished":"2024-09-07T21:55:01+00:00","dateModified":"2024-09-09T18:42:18+00:00","mainEntityOfPage":{"@id":"https:\/\/archive.liveaction.org\/news\/argentina-ex-president-accused-forcing-wife-abortion\/"},"wordCount":400,"publisher":{"@id":"https:\/\/archive.liveaction.org\/news\/#organization"},"articleSection":["International","Newsbreak"],"inLanguage":"en-US"},{"@type":"WebPage","@id":"https:\/\/archive.liveaction.org\/news\/argentina-ex-president-accused-forcing-wife-abortion\/","url":"https:\/\/archive.liveaction.org\/news\/argentina-ex-president-accused-forcing-wife-abortion\/","name":"Argentina's ex-president, a pro-abortion 'champion,' accused of coercing wife to have abortion","isPartOf":{"@id":"https:\/\/archive.liveaction.org\/news\/#website"},"datePublished":"2024-09-07T21:55:01+00:00","dateModified":"2024-09-09T18:42:18+00:00","description":"The ex-wife of Alberto Fern\u00e1ndez, the former president of Argentina, has accused him of abuse, including forcing her to have an abortion.","breadcrumb":{"@id":"https:\/\/archive.liveaction.org\/news\/argentina-ex-president-accused-forcing-wife-abortion\/#breadcrumb"},"inLanguage":"en-US","potentialAction":[{"@type":"ReadAction","target":["https:\/\/archive.liveaction.org\/news\/argentina-ex-president-accused-forcing-wife-abortion\/"]}]},{"@type":"BreadcrumbList","@id":"https:\/\/archive.liveaction.org\/news\/argentina-ex-president-accused-forcing-wife-abortion\/#breadcrumb","itemListElement":[{"@type":"ListItem","position":1,"name":"Home","item":"https:\/\/archive.liveaction.org\/news\/"},{"@type":"ListItem","position":2,"name":"Argentina&#8217;s ex-president, a pro-abortion &#8216;champion,&#8217; accused of coercing wife to have abortion"}]},{"@type":"WebSite","@id":"https:\/\/archive.liveaction.org\/news\/#website","url":"https:\/\/archive.liveaction.org\/news\/","name":"Live Action News","description":"Covering Human Rights, Abortion, &amp; Pro-Life Issues","publisher":{"@id":"https:\/\/archive.liveaction.org\/news\/#organization"},"potentialAction":[{"@type":"SearchAction","target":{"@type":"EntryPoint","urlTemplate":"https:\/\/archive.liveaction.org\/news\/?s={search_term_string}"},"query-input":"required name=search_term_string"}],"inLanguage":"en-US"},{"@type":"Organization","@id":"https:\/\/archive.liveaction.org\/news\/#organization","name":"Live Action","url":"https:\/\/archive.liveaction.org\/news\/","logo":{"@type":"ImageObject","inLanguage":"en-US","@id":"https:\/\/archive.liveaction.org\/news\/#\/schema\/logo\/image\/","url":"https:\/\/archive.liveaction.org\/news\/wp-content\/uploads\/2016\/06\/Live-Action-Logo-Black.png","contentUrl":"https:\/\/archive.liveaction.org\/news\/wp-content\/uploads\/2016\/06\/Live-Action-Logo-Black.png","width":701,"height":710,"caption":"Live Action"},"image":{"@id":"https:\/\/archive.liveaction.org\/news\/#\/schema\/logo\/image\/"},"sameAs":["https:\/\/www.facebook.com\/liveaction","https:\/\/twitter.com\/liveaction","https:\/\/www.instagram.com\/liveactionorg\/","https:\/\/www.pinterest.com\/LiveActionFilms\/","https:\/\/www.youtube.com\/user\/LiveActionFilms"]},{"@type":"Person","@id":"https:\/\/archive.liveaction.org\/news\/#\/schema\/person\/16622da192101346f516b7444d125392","name":"Cassy Cooke","image":{"@type":"ImageObject","inLanguage":"en-US","@id":"https:\/\/archive.liveaction.org\/news\/#\/schema\/person\/image\/","url":"https:\/\/secure.gravatar.com\/avatar\/8b602f8210f1a7d948ca1c0dcab11fad?s=96&d=mm&r=g","contentUrl":"https:\/\/secure.gravatar.com\/avatar\/8b602f8210f1a7d948ca1c0dcab11fad?s=96&d=mm&r=g","caption":"Cassy Cooke"},"description":"Cassy has over 20 years of experience as a writer and editor, most of which have been spent covering pro-life issues like abortion, disability rights, euthanasia, and more.","url":"https:\/\/archive.liveaction.org\/news\/author\/cassy-fiano\/"}]}},"_links":{"self":[{"href":"https:\/\/archive.liveaction.org\/news\/wp-json\/wp\/v2\/posts\/318291"}],"collection":[{"href":"https:\/\/archive.liveaction.org\/news\/wp-json\/wp\/v2\/posts"}],"about":[{"href":"https:\/\/archive.liveaction.org\/news\/wp-json\/wp\/v2\/types\/post"}],"author":[{"embeddable":true,"href":"https:\/\/archive.liveaction.org\/news\/wp-json\/wp\/v2\/users\/7"}],"replies":[{"embeddable":true,"href":"https:\/\/archive.liveaction.org\/news\/wp-json\/wp\/v2\/comments?post=318291"}],"version-history":[{"count":5,"href":"https:\/\/archive.liveaction.org\/news\/wp-json\/wp\/v2\/posts\/318291\/revisions"}],"predecessor-version":[{"id":318387,"href":"https:\/\/archive.liveaction.org\/news\/wp-json\/wp\/v2\/posts\/318291\/revisions\/318387"}],"wp:featuredmedia":[{"embeddable":true,"href":"https:\/\/archive.liveaction.org\/news\/wp-json\/wp\/v2\/media\/318306"}],"wp:attachment":[{"href":"https:\/\/archive.liveaction.org\/news\/wp-json\/wp\/v2\/media?parent=318291"}],"wp:term":[{"taxonomy":"category","embeddable":true,"href":"https:\/\/archive.liveaction.org\/news\/wp-json\/wp\/v2\/categories?post=318291"},{"taxonomy":"post_tag","embeddable":true,"href":"https:\/\/archive.liveaction.org\/news\/wp-json\/wp\/v2\/tags?post=318291"}],"curies":[{"name":"wp","href":"https:\/\/api.w.org\/{rel}","templated":true}]}}