{"id":306279,"date":"2024-02-04T15:35:51","date_gmt":"2024-02-04T21:35:51","guid":{"rendered":"https:\/\/www.liveaction.org\/news\/?p=306279"},"modified":"2024-02-02T16:55:22","modified_gmt":"2024-02-02T22:55:22","slug":"baby-reunited-family-mexico-abducted-caregiver","status":"publish","type":"post","link":"https:\/\/archive.liveaction.org\/news\/baby-reunited-family-mexico-abducted-caregiver\/","title":{"rendered":"Baby safely reunited with family in Mexico after abduction by caregiver"},"content":{"rendered":"<div style=\"margin-top: 0px; margin-bottom: 0px;\" class=\"sharethis-inline-share-buttons\" ><\/div><p class=\"p1\">Less than one week after his birth, baby Abdiel has been safely reunited with his mother after being kidnapped by his caregiver in Hidalgo, Mexico.<\/p>\n<p class=\"p1\">According to authorities, the baby\u2019s mother (who is not being named at this time) hired Nely Janel Ramirez to help care for the newborn. Ramirez is <a href=\"https:\/\/cafemom.com\/news\/trusted-caregiver-allegedly-drugged-mom-and-stole-newborn#google_vignette\"><span class=\"s1\">reported<\/span><\/a> to have drugged the mother, causing her to become unconscious. When the baby\u2019s mother awoke, she realized her three-day old baby was missing.<\/p>\n<p class=\"p1\">Police immediately began searching for the abducted child and Ramirez, who removed him from the home. Neighbors found the baby in Valle de Chalco in Mexico\u2019s Hidalgo state. It appears the newborn had been abandoned by Ramirez and was alone when he was found.<\/p>\n<p class=\"p2\">According to a post by Andres Andrade Tellez on X, written in Spanish, the police worked alongside several other agencies to find the baby.<\/p>\n<p class=\"p2\">\u201cToday a mother was reunited with her baby as a result of teamwork, we appreciate the collaboration with @FiscaliaEdomex and @PGJE_Hidalgo, from this moment on the ministerial authorities carry out various investigation procedures, such as genetic identification expertise. With #ElPoderDeServir and the unconditional support of the head of @SSPCMexico , @rosaicela_ and @SSP_Hidalgo, together we build the peace entities that families deserve,\u201d the translated post reads.<\/p>\n<div class=\"video-container\">\n<blockquote class=\"twitter-tweet\" data-width=\"550\" data-dnt=\"true\">\n<p lang=\"es\" dir=\"ltr\">Hoy una mam\u00e1 se reencontr\u00f3 con su beb\u00e9 resultado del trabajo en equipo, agradecemos la colaboraci\u00f3n con la <a href=\"https:\/\/twitter.com\/FiscaliaEdomex?ref_src=twsrc%5Etfw\">@FiscaliaEdomex<\/a> y la <a href=\"https:\/\/twitter.com\/PGJE_Hidalgo?ref_src=twsrc%5Etfw\">@PGJE_Hidalgo<\/a>, a partir de este momento las autoridades ministeriales realizan diversas diligencias de investigaci\u00f3n, como el peritaje de identificaci\u00f3n\u2026 <a href=\"https:\/\/t.co\/B5KyJ5KyU6\">pic.twitter.com\/B5KyJ5KyU6<\/a><\/p>\n<p>&mdash; Andr\u00e9s Andrade T\u00e9llez (@AAndradeTellez) <a href=\"https:\/\/twitter.com\/AAndradeTellez\/status\/1751413012504691157?ref_src=twsrc%5Etfw\">January 28, 2024<\/a><\/p><\/blockquote>\n<p><script async src=\"https:\/\/platform.twitter.com\/widgets.js\" charset=\"utf-8\"><\/script><\/div>\n<p class=\"p2\">Delfina Gomez, the governor of the State of Mexico, posted on X, \u201cCollaboration between governments is essential for the well-being of our entities.\u201d<\/p>\n<p class=\"p2\">No statements have been made regarding an arrest being made or if any charges have been filed against the alleged abductor.<\/p>\n<p class=\"p2\">According to <a href=\"https:\/\/www.missingkids.org\/blog\/2019\/post-update\/who-would-steal-a-baby\"><span class=\"s2\">The National Center for Missing and Exploited Children<\/span><\/a>, infant abductions happen more than most realize and they are typically taken by women. The website reports:<\/p>\n<p class=\"p2\" style=\"padding-left: 40px;\"><em>Among non-family infant abductions, most (62%) were committed by lone women of child-bearing age for maternal reasons: They wanted to raise the baby as their own. Their personal circumstances varied. Some had suffered miscarriages or had a stillborn, lost custody of their child or their child had died. <\/em><\/p>\n<p class=\"p2\" style=\"padding-left: 40px;\"><em>Others were trying to cling to a fractured relationship by pretending to be pregnant. The vast majority of lone female abductors targeted very young infants, most often in the first few days of their lives.\u00a0 But some abducted infants have been a little older, even up to 1 year old.<\/em><\/p>\n<p class=\"p2\">Thankfully, most newborns are returned to their mothers within a couple of days. Abdiel\u2019s family rejoiced as they were reunited with their precious baby just two days after his abduction.<\/p>\n<p class=\"p1\" style=\"text-align: center;\"><span class=\"s1\"><a href=\"https:\/\/www.liveaction.org\/tell-congress-stop-the-doj-from-targeting-pro-life-americans\/?utm_campaign=doj_petition&amp;utm_medium=lan_website\"><b><i>The DOJ put a pro-life grandmother in jail for protesting the killing of preborn children. Please take 30-seconds to TELL CONGRESS: STOP THE DOJ FROM TARGETING PRO-LIFE AMERICANS.<\/i><\/b><\/a><\/span><\/p>\n","protected":false},"excerpt":{"rendered":"<p>Less than one week after his birth, baby Abdiel has been safely reunited with his mother after being kidnapped by his caregiver in Hidalgo, Mexico. According to authorities, the baby\u2019s mother (who is not being named at this time) hired Nely Janel Ramirez to help care for the newborn. Ramirez is reported to have drugged [&hellip;]<\/p>\n","protected":false},"author":820,"featured_media":306286,"comment_status":"closed","ping_status":"closed","sticky":false,"template":"","format":"standard","meta":{"om_disable_all_campaigns":false},"categories":[9455,3473],"tags":[],"yoast_head":"<!-- This site is optimized with the Yoast SEO plugin v20.7 - https:\/\/yoast.com\/wordpress\/plugins\/seo\/ -->\n<title>Baby safely reunited with family in Mexico after abduction by caregiver<\/title>\n<meta name=\"description\" content=\"Most non-family infant abductions are reportedly &quot;committed by lone women of child-bearing age for maternal reasons....&quot;\" \/>\n<meta name=\"robots\" content=\"index, follow, max-snippet:-1, max-image-preview:large, max-video-preview:-1\" \/>\n<link rel=\"canonical\" href=\"https:\/\/archive.liveaction.org\/news\/baby-reunited-family-mexico-abducted-caregiver\/\" \/>\n<meta property=\"og:locale\" content=\"en_US\" \/>\n<meta property=\"og:type\" content=\"article\" \/>\n<meta property=\"og:title\" content=\"Baby safely reunited with family in Mexico after abduction by caregiver\" \/>\n<meta property=\"og:description\" content=\"Most non-family infant abductions are reportedly &quot;committed by lone women of child-bearing age for maternal reasons....&quot;\" \/>\n<meta property=\"og:url\" content=\"https:\/\/archive.liveaction.org\/news\/baby-reunited-family-mexico-abducted-caregiver\/\" \/>\n<meta property=\"og:site_name\" content=\"Live Action News\" \/>\n<meta property=\"article:publisher\" content=\"https:\/\/www.facebook.com\/liveaction\" \/>\n<meta property=\"article:published_time\" content=\"2024-02-04T21:35:51+00:00\" \/>\n<meta property=\"article:modified_time\" content=\"2024-02-02T22:55:22+00:00\" \/>\n<meta property=\"og:image\" content=\"https:\/\/archive.liveaction.org\/news\/wp-content\/uploads\/2024\/02\/baby-returned-family-mexico-abduction.jpg\" \/>\n\t<meta property=\"og:image:width\" content=\"1200\" \/>\n\t<meta property=\"og:image:height\" content=\"649\" \/>\n\t<meta property=\"og:image:type\" content=\"image\/jpeg\" \/>\n<meta name=\"author\" content=\"Tori Shaw\" \/>\n<meta name=\"twitter:card\" content=\"summary_large_image\" \/>\n<meta name=\"twitter:creator\" content=\"@liveaction\" \/>\n<meta name=\"twitter:site\" content=\"@liveaction\" \/>\n<meta name=\"twitter:label1\" content=\"Written by\" \/>\n\t<meta name=\"twitter:data1\" content=\"Tori Shaw\" \/>\n\t<meta name=\"twitter:label2\" content=\"Est. reading time\" \/>\n\t<meta name=\"twitter:data2\" content=\"2 minutes\" \/>\n<script type=\"application\/ld+json\" class=\"yoast-schema-graph\">{\"@context\":\"https:\/\/schema.org\",\"@graph\":[{\"@type\":\"Article\",\"@id\":\"https:\/\/archive.liveaction.org\/news\/baby-reunited-family-mexico-abducted-caregiver\/#article\",\"isPartOf\":{\"@id\":\"https:\/\/archive.liveaction.org\/news\/baby-reunited-family-mexico-abducted-caregiver\/\"},\"author\":{\"name\":\"Tori Shaw\",\"@id\":\"https:\/\/archive.liveaction.org\/news\/#\/schema\/person\/70c77a025696420e7edf2127e46bff57\"},\"headline\":\"Baby safely reunited with family in Mexico after abduction by caregiver\",\"datePublished\":\"2024-02-04T21:35:51+00:00\",\"dateModified\":\"2024-02-02T22:55:22+00:00\",\"mainEntityOfPage\":{\"@id\":\"https:\/\/archive.liveaction.org\/news\/baby-reunited-family-mexico-abducted-caregiver\/\"},\"wordCount\":455,\"publisher\":{\"@id\":\"https:\/\/archive.liveaction.org\/news\/#organization\"},\"articleSection\":[\"Human Interest\",\"Newsbreak\"],\"inLanguage\":\"en-US\"},{\"@type\":\"WebPage\",\"@id\":\"https:\/\/archive.liveaction.org\/news\/baby-reunited-family-mexico-abducted-caregiver\/\",\"url\":\"https:\/\/archive.liveaction.org\/news\/baby-reunited-family-mexico-abducted-caregiver\/\",\"name\":\"Baby safely reunited with family in Mexico after abduction by caregiver\",\"isPartOf\":{\"@id\":\"https:\/\/archive.liveaction.org\/news\/#website\"},\"datePublished\":\"2024-02-04T21:35:51+00:00\",\"dateModified\":\"2024-02-02T22:55:22+00:00\",\"description\":\"Most non-family infant abductions are reportedly \\\"committed by lone women of child-bearing age for maternal reasons....\\\"\",\"breadcrumb\":{\"@id\":\"https:\/\/archive.liveaction.org\/news\/baby-reunited-family-mexico-abducted-caregiver\/#breadcrumb\"},\"inLanguage\":\"en-US\",\"potentialAction\":[{\"@type\":\"ReadAction\",\"target\":[\"https:\/\/archive.liveaction.org\/news\/baby-reunited-family-mexico-abducted-caregiver\/\"]}]},{\"@type\":\"BreadcrumbList\",\"@id\":\"https:\/\/archive.liveaction.org\/news\/baby-reunited-family-mexico-abducted-caregiver\/#breadcrumb\",\"itemListElement\":[{\"@type\":\"ListItem\",\"position\":1,\"name\":\"Home\",\"item\":\"https:\/\/archive.liveaction.org\/news\/\"},{\"@type\":\"ListItem\",\"position\":2,\"name\":\"Baby safely reunited with family in Mexico after abduction by caregiver\"}]},{\"@type\":\"WebSite\",\"@id\":\"https:\/\/archive.liveaction.org\/news\/#website\",\"url\":\"https:\/\/archive.liveaction.org\/news\/\",\"name\":\"Live Action News\",\"description\":\"Covering Human Rights, Abortion, &amp; Pro-Life Issues\",\"publisher\":{\"@id\":\"https:\/\/archive.liveaction.org\/news\/#organization\"},\"potentialAction\":[{\"@type\":\"SearchAction\",\"target\":{\"@type\":\"EntryPoint\",\"urlTemplate\":\"https:\/\/archive.liveaction.org\/news\/?s={search_term_string}\"},\"query-input\":\"required name=search_term_string\"}],\"inLanguage\":\"en-US\"},{\"@type\":\"Organization\",\"@id\":\"https:\/\/archive.liveaction.org\/news\/#organization\",\"name\":\"Live Action\",\"url\":\"https:\/\/archive.liveaction.org\/news\/\",\"logo\":{\"@type\":\"ImageObject\",\"inLanguage\":\"en-US\",\"@id\":\"https:\/\/archive.liveaction.org\/news\/#\/schema\/logo\/image\/\",\"url\":\"https:\/\/archive.liveaction.org\/news\/wp-content\/uploads\/2016\/06\/Live-Action-Logo-Black.png\",\"contentUrl\":\"https:\/\/archive.liveaction.org\/news\/wp-content\/uploads\/2016\/06\/Live-Action-Logo-Black.png\",\"width\":701,\"height\":710,\"caption\":\"Live Action\"},\"image\":{\"@id\":\"https:\/\/archive.liveaction.org\/news\/#\/schema\/logo\/image\/\"},\"sameAs\":[\"https:\/\/www.facebook.com\/liveaction\",\"https:\/\/twitter.com\/liveaction\",\"https:\/\/www.instagram.com\/liveactionorg\/\",\"https:\/\/www.pinterest.com\/LiveActionFilms\/\",\"https:\/\/www.youtube.com\/user\/LiveActionFilms\"]},{\"@type\":\"Person\",\"@id\":\"https:\/\/archive.liveaction.org\/news\/#\/schema\/person\/70c77a025696420e7edf2127e46bff57\",\"name\":\"Tori Shaw\",\"image\":{\"@type\":\"ImageObject\",\"inLanguage\":\"en-US\",\"@id\":\"https:\/\/archive.liveaction.org\/news\/#\/schema\/person\/image\/\",\"url\":\"https:\/\/secure.gravatar.com\/avatar\/b36c8834de52a0844aebd33e9975cd79?s=96&d=mm&r=g\",\"contentUrl\":\"https:\/\/secure.gravatar.com\/avatar\/b36c8834de52a0844aebd33e9975cd79?s=96&d=mm&r=g\",\"caption\":\"Tori Shaw\"},\"url\":\"https:\/\/archive.liveaction.org\/news\/author\/tori-shaw\/\"}]}<\/script>\n<!-- \/ Yoast SEO plugin. -->","yoast_head_json":{"title":"Baby safely reunited with family in Mexico after abduction by caregiver","description":"Most non-family infant abductions are reportedly \"committed by lone women of child-bearing age for maternal reasons....\"","robots":{"index":"index","follow":"follow","max-snippet":"max-snippet:-1","max-image-preview":"max-image-preview:large","max-video-preview":"max-video-preview:-1"},"canonical":"https:\/\/archive.liveaction.org\/news\/baby-reunited-family-mexico-abducted-caregiver\/","og_locale":"en_US","og_type":"article","og_title":"Baby safely reunited with family in Mexico after abduction by caregiver","og_description":"Most non-family infant abductions are reportedly \"committed by lone women of child-bearing age for maternal reasons....\"","og_url":"https:\/\/archive.liveaction.org\/news\/baby-reunited-family-mexico-abducted-caregiver\/","og_site_name":"Live Action News","article_publisher":"https:\/\/www.facebook.com\/liveaction","article_published_time":"2024-02-04T21:35:51+00:00","article_modified_time":"2024-02-02T22:55:22+00:00","og_image":[{"width":1200,"height":649,"url":"https:\/\/archive.liveaction.org\/news\/wp-content\/uploads\/2024\/02\/baby-returned-family-mexico-abduction.jpg","type":"image\/jpeg"}],"author":"Tori Shaw","twitter_card":"summary_large_image","twitter_creator":"@liveaction","twitter_site":"@liveaction","twitter_misc":{"Written by":"Tori Shaw","Est. reading time":"2 minutes"},"schema":{"@context":"https:\/\/schema.org","@graph":[{"@type":"Article","@id":"https:\/\/archive.liveaction.org\/news\/baby-reunited-family-mexico-abducted-caregiver\/#article","isPartOf":{"@id":"https:\/\/archive.liveaction.org\/news\/baby-reunited-family-mexico-abducted-caregiver\/"},"author":{"name":"Tori Shaw","@id":"https:\/\/archive.liveaction.org\/news\/#\/schema\/person\/70c77a025696420e7edf2127e46bff57"},"headline":"Baby safely reunited with family in Mexico after abduction by caregiver","datePublished":"2024-02-04T21:35:51+00:00","dateModified":"2024-02-02T22:55:22+00:00","mainEntityOfPage":{"@id":"https:\/\/archive.liveaction.org\/news\/baby-reunited-family-mexico-abducted-caregiver\/"},"wordCount":455,"publisher":{"@id":"https:\/\/archive.liveaction.org\/news\/#organization"},"articleSection":["Human Interest","Newsbreak"],"inLanguage":"en-US"},{"@type":"WebPage","@id":"https:\/\/archive.liveaction.org\/news\/baby-reunited-family-mexico-abducted-caregiver\/","url":"https:\/\/archive.liveaction.org\/news\/baby-reunited-family-mexico-abducted-caregiver\/","name":"Baby safely reunited with family in Mexico after abduction by caregiver","isPartOf":{"@id":"https:\/\/archive.liveaction.org\/news\/#website"},"datePublished":"2024-02-04T21:35:51+00:00","dateModified":"2024-02-02T22:55:22+00:00","description":"Most non-family infant abductions are reportedly \"committed by lone women of child-bearing age for maternal reasons....\"","breadcrumb":{"@id":"https:\/\/archive.liveaction.org\/news\/baby-reunited-family-mexico-abducted-caregiver\/#breadcrumb"},"inLanguage":"en-US","potentialAction":[{"@type":"ReadAction","target":["https:\/\/archive.liveaction.org\/news\/baby-reunited-family-mexico-abducted-caregiver\/"]}]},{"@type":"BreadcrumbList","@id":"https:\/\/archive.liveaction.org\/news\/baby-reunited-family-mexico-abducted-caregiver\/#breadcrumb","itemListElement":[{"@type":"ListItem","position":1,"name":"Home","item":"https:\/\/archive.liveaction.org\/news\/"},{"@type":"ListItem","position":2,"name":"Baby safely reunited with family in Mexico after abduction by caregiver"}]},{"@type":"WebSite","@id":"https:\/\/archive.liveaction.org\/news\/#website","url":"https:\/\/archive.liveaction.org\/news\/","name":"Live Action News","description":"Covering Human Rights, Abortion, &amp; Pro-Life Issues","publisher":{"@id":"https:\/\/archive.liveaction.org\/news\/#organization"},"potentialAction":[{"@type":"SearchAction","target":{"@type":"EntryPoint","urlTemplate":"https:\/\/archive.liveaction.org\/news\/?s={search_term_string}"},"query-input":"required name=search_term_string"}],"inLanguage":"en-US"},{"@type":"Organization","@id":"https:\/\/archive.liveaction.org\/news\/#organization","name":"Live Action","url":"https:\/\/archive.liveaction.org\/news\/","logo":{"@type":"ImageObject","inLanguage":"en-US","@id":"https:\/\/archive.liveaction.org\/news\/#\/schema\/logo\/image\/","url":"https:\/\/archive.liveaction.org\/news\/wp-content\/uploads\/2016\/06\/Live-Action-Logo-Black.png","contentUrl":"https:\/\/archive.liveaction.org\/news\/wp-content\/uploads\/2016\/06\/Live-Action-Logo-Black.png","width":701,"height":710,"caption":"Live Action"},"image":{"@id":"https:\/\/archive.liveaction.org\/news\/#\/schema\/logo\/image\/"},"sameAs":["https:\/\/www.facebook.com\/liveaction","https:\/\/twitter.com\/liveaction","https:\/\/www.instagram.com\/liveactionorg\/","https:\/\/www.pinterest.com\/LiveActionFilms\/","https:\/\/www.youtube.com\/user\/LiveActionFilms"]},{"@type":"Person","@id":"https:\/\/archive.liveaction.org\/news\/#\/schema\/person\/70c77a025696420e7edf2127e46bff57","name":"Tori Shaw","image":{"@type":"ImageObject","inLanguage":"en-US","@id":"https:\/\/archive.liveaction.org\/news\/#\/schema\/person\/image\/","url":"https:\/\/secure.gravatar.com\/avatar\/b36c8834de52a0844aebd33e9975cd79?s=96&d=mm&r=g","contentUrl":"https:\/\/secure.gravatar.com\/avatar\/b36c8834de52a0844aebd33e9975cd79?s=96&d=mm&r=g","caption":"Tori Shaw"},"url":"https:\/\/archive.liveaction.org\/news\/author\/tori-shaw\/"}]}},"_links":{"self":[{"href":"https:\/\/archive.liveaction.org\/news\/wp-json\/wp\/v2\/posts\/306279"}],"collection":[{"href":"https:\/\/archive.liveaction.org\/news\/wp-json\/wp\/v2\/posts"}],"about":[{"href":"https:\/\/archive.liveaction.org\/news\/wp-json\/wp\/v2\/types\/post"}],"author":[{"embeddable":true,"href":"https:\/\/archive.liveaction.org\/news\/wp-json\/wp\/v2\/users\/820"}],"replies":[{"embeddable":true,"href":"https:\/\/archive.liveaction.org\/news\/wp-json\/wp\/v2\/comments?post=306279"}],"version-history":[{"count":2,"href":"https:\/\/archive.liveaction.org\/news\/wp-json\/wp\/v2\/posts\/306279\/revisions"}],"predecessor-version":[{"id":306287,"href":"https:\/\/archive.liveaction.org\/news\/wp-json\/wp\/v2\/posts\/306279\/revisions\/306287"}],"wp:featuredmedia":[{"embeddable":true,"href":"https:\/\/archive.liveaction.org\/news\/wp-json\/wp\/v2\/media\/306286"}],"wp:attachment":[{"href":"https:\/\/archive.liveaction.org\/news\/wp-json\/wp\/v2\/media?parent=306279"}],"wp:term":[{"taxonomy":"category","embeddable":true,"href":"https:\/\/archive.liveaction.org\/news\/wp-json\/wp\/v2\/categories?post=306279"},{"taxonomy":"post_tag","embeddable":true,"href":"https:\/\/archive.liveaction.org\/news\/wp-json\/wp\/v2\/tags?post=306279"}],"curies":[{"name":"wp","href":"https:\/\/api.w.org\/{rel}","templated":true}]}}