{"id":276918,"date":"2022-10-03T16:39:22","date_gmt":"2022-10-03T21:39:22","guid":{"rendered":"https:\/\/www.liveaction.org\/news\/?p=276918"},"modified":"2022-10-01T15:31:00","modified_gmt":"2022-10-01T20:31:00","slug":"children-baptized-spain-rescued","status":"publish","type":"post","link":"https:\/\/archive.liveaction.org\/news\/children-baptized-spain-rescued\/","title":{"rendered":"14 children baptized in Spain after rescues from abortion facilities"},"content":{"rendered":"<div style=\"margin-top: 0px; margin-bottom: 0px;\" class=\"sharethis-inline-share-buttons\" ><\/div><p><span style=\"font-weight: 400;\">A group of 14 babies has been baptized into the Catholic Church after pro-lifers rescued them from abortion.<\/span><\/p>\n<p><span style=\"font-weight: 400;\">The Diocese of Getafe in Spain announced the baptisms, which took place at San Josemar\u00eda Escriv\u00e1 Parish on Sunday.\u00a0<\/span><\/p>\n<p><span style=\"font-weight: 400;\">\u201cWhen I see a baby, one says what a miracle life is!\u201d said Bishop Gin\u00e9s Garc\u00eda Beltr\u00e1n, who administered the baptismal rite. \u201cFrom conception we are that perfect being. None of us here were born by chance.&#8221;<\/span><\/p>\n<p><span style=\"font-weight: 400;\">\u201cThese children that you present to the Church today have been thought of and loved by God, before all centuries. I have been thought of by God before all centuries,&#8221; he added. &#8220;I am not a coincidence, but the fruit of a project of love, the love of God. And this has to shake us.\u201d<\/span><\/p>\n<p><span style=\"font-weight: 400;\">According to the <\/span><a href=\"https:\/\/www.diocesisgetafe.es\/index.php\/noticias\/2022\/363-septiembre\/8221-d-gines-bautiza-a-14-ninos-rescatados-del-aborto-fruto-del-amor-de-dios\"><span style=\"font-weight: 400;\">Diocese<\/span><\/a><span style=\"font-weight: 400;\">, two pro-life organizations \u2013 M\u00e1s Futuro and the Rescatadores Juan Pablo II \u2013 helped provide the mothers with financial and other forms of assistance.\u00a0<\/span><\/p>\n<p><span style=\"font-weight: 400;\">One of the children, named Marcos, was almost aborted but his parents encountered M\u00e1s Futuro at the abortion facility where his mother obtained an ultrasound. Marcos\u2019 parents, the Diocese said, were unemployed and were unsure if they could take on Marcos, their fifth child.<\/span><\/p>\n<p><span style=\"font-weight: 400;\">His mother, Mar\u00eda Elena Cabrera, said that her encounter with M\u00e1s Futuro \u201cwas the answer I needed from God to continue with my pregnancy.\u201d\u00a0<\/span><span style=\"font-weight: 400;\">She added, &#8220;After a hard birth, when I held Marcos in my arms for the first time I felt a lot of emotion and I realized that it was worth it.\u201d<\/span><\/p>\n<p><strong>READ:<\/strong>\u00a0<strong><a href=\"https:\/\/archive.liveaction.org\/news\/triplets-help-pregnancy-resource-center-thanking-god\/\" target=\"_blank\" rel=\"noopener\"><em>She chose life for triplets with the help of a pregnancy resource center: \u2018I\u2019m thanking God\u2019<\/em><\/a><\/strong><\/p>\n<p><span style=\"font-weight: 400;\">The baptisms came amid a debate over whether minors in the country should be able to obtain abortions without parental consent. The Spanish Bishops Conference criticized a draft of the law released in August when Spanish Equality Minister Irene Montero <\/span><a href=\"https:\/\/cruxnow.com\/church-in-europe\/2022\/09\/spains-bishops-criticize-bill-to-allow-abortions-without-parental-consent\" target=\"_blank\" rel=\"noopener\"><span style=\"font-weight: 400;\">reportedly defended<\/span><\/a><span style=\"font-weight: 400;\"> it as protecting \u201crights for half the population.\u201d<\/span><\/p>\n<p><span style=\"font-weight: 400;\">During Sunday\u2019s homily, Bishop Gin\u00e9s Garc\u00eda Beltr\u00e1n indicated that focus on consent bypassed the key issue of life\u2019s inherent value.\u00a0<\/span><\/p>\n<p><span style=\"font-weight: 400;\">\u201cThere is talk of the extension of the Abortion Law and it seems that the whole debate is on whether minors under 16 years of age have to ask their parents for permission, as if that were the problem,\u201d he said, according to a translation of the Diocesan website. \u201cAll life is worth, it is not about permission, all life is sacred.\u201d<\/span><\/p>\n<p style=\"text-align: center;\"><em><strong><a href=\"https:\/\/www.facebook.com\/liveactionnewsonline\/\" target=\"_blank\" rel=\"noopener\">\u201cLike\u201d Live Action News on Facebook<\/a>\u00a0for more pro-life news and commentary!<\/strong><\/em><\/p>\n","protected":false},"excerpt":{"rendered":"<p>A group of 14 babies has been baptized into the Catholic Church after pro-lifers rescued them from abortion. The Diocese of Getafe in Spain announced the baptisms, which took place at San Josemar\u00eda Escriv\u00e1 Parish on Sunday.\u00a0 \u201cWhen I see a baby, one says what a miracle life is!\u201d said Bishop Gin\u00e9s Garc\u00eda Beltr\u00e1n, who [&hellip;]<\/p>\n","protected":false},"author":868,"featured_media":254252,"comment_status":"closed","ping_status":"closed","sticky":false,"template":"","format":"standard","meta":{"om_disable_all_campaigns":false},"categories":[5,3473],"tags":[19,19223,19222,314,1147],"yoast_head":"<!-- This site is optimized with the Yoast SEO plugin v20.7 - https:\/\/yoast.com\/wordpress\/plugins\/seo\/ -->\n<title>14 children baptized in Spain after rescues from abortion facilities<\/title>\n<meta name=\"description\" content=\"A group of 14 babies has been baptized into the Catholic Church in Spain after pro-lifers rescued them from abortion facilities.\" \/>\n<meta name=\"robots\" content=\"index, follow, max-snippet:-1, max-image-preview:large, max-video-preview:-1\" \/>\n<link rel=\"canonical\" href=\"https:\/\/archive.liveaction.org\/news\/children-baptized-spain-rescued\/\" \/>\n<meta property=\"og:locale\" content=\"en_US\" \/>\n<meta property=\"og:type\" content=\"article\" \/>\n<meta property=\"og:title\" content=\"14 children baptized in Spain after rescues from abortion facilities\" \/>\n<meta property=\"og:description\" content=\"A group of 14 babies has been baptized into the Catholic Church in Spain after pro-lifers rescued them from abortion facilities.\" \/>\n<meta property=\"og:url\" content=\"https:\/\/archive.liveaction.org\/news\/children-baptized-spain-rescued\/\" \/>\n<meta property=\"og:site_name\" content=\"Live Action News\" \/>\n<meta property=\"article:publisher\" content=\"https:\/\/www.facebook.com\/liveaction\" \/>\n<meta property=\"article:published_time\" content=\"2022-10-03T21:39:22+00:00\" \/>\n<meta property=\"article:modified_time\" content=\"2022-10-01T20:31:00+00:00\" \/>\n<meta property=\"og:image\" content=\"https:\/\/archive.liveaction.org\/news\/wp-content\/uploads\/2021\/09\/GettyImages-155134002-baby-church-baptism.jpg\" \/>\n\t<meta property=\"og:image:width\" content=\"1200\" \/>\n\t<meta property=\"og:image:height\" content=\"650\" \/>\n\t<meta property=\"og:image:type\" content=\"image\/jpeg\" \/>\n<meta name=\"author\" content=\"Sam Dorman\" \/>\n<meta name=\"twitter:card\" content=\"summary_large_image\" \/>\n<meta name=\"twitter:creator\" content=\"@liveaction\" \/>\n<meta name=\"twitter:site\" content=\"@liveaction\" \/>\n<meta name=\"twitter:label1\" content=\"Written by\" \/>\n\t<meta name=\"twitter:data1\" content=\"Sam Dorman\" \/>\n\t<meta name=\"twitter:label2\" content=\"Est. reading time\" \/>\n\t<meta name=\"twitter:data2\" content=\"2 minutes\" \/>\n<script type=\"application\/ld+json\" class=\"yoast-schema-graph\">{\"@context\":\"https:\/\/schema.org\",\"@graph\":[{\"@type\":\"Article\",\"@id\":\"https:\/\/archive.liveaction.org\/news\/children-baptized-spain-rescued\/#article\",\"isPartOf\":{\"@id\":\"https:\/\/archive.liveaction.org\/news\/children-baptized-spain-rescued\/\"},\"author\":{\"name\":\"Sam Dorman\",\"@id\":\"https:\/\/archive.liveaction.org\/news\/#\/schema\/person\/d6e2393eb153ee79febfd549cafcfabd\"},\"headline\":\"14 children baptized in Spain after rescues from abortion facilities\",\"datePublished\":\"2022-10-03T21:39:22+00:00\",\"dateModified\":\"2022-10-01T20:31:00+00:00\",\"mainEntityOfPage\":{\"@id\":\"https:\/\/archive.liveaction.org\/news\/children-baptized-spain-rescued\/\"},\"wordCount\":436,\"publisher\":{\"@id\":\"https:\/\/archive.liveaction.org\/news\/#organization\"},\"keywords\":[\"abortion\",\"baptism\",\"Bishop Gin\u00e9s Garc\u00eda Beltr\u00e1n\",\"Catholic Church\",\"spain\"],\"articleSection\":[\"International\",\"Newsbreak\"],\"inLanguage\":\"en-US\"},{\"@type\":\"WebPage\",\"@id\":\"https:\/\/archive.liveaction.org\/news\/children-baptized-spain-rescued\/\",\"url\":\"https:\/\/archive.liveaction.org\/news\/children-baptized-spain-rescued\/\",\"name\":\"14 children baptized in Spain after rescues from abortion facilities\",\"isPartOf\":{\"@id\":\"https:\/\/archive.liveaction.org\/news\/#website\"},\"datePublished\":\"2022-10-03T21:39:22+00:00\",\"dateModified\":\"2022-10-01T20:31:00+00:00\",\"description\":\"A group of 14 babies has been baptized into the Catholic Church in Spain after pro-lifers rescued them from abortion facilities.\",\"breadcrumb\":{\"@id\":\"https:\/\/archive.liveaction.org\/news\/children-baptized-spain-rescued\/#breadcrumb\"},\"inLanguage\":\"en-US\",\"potentialAction\":[{\"@type\":\"ReadAction\",\"target\":[\"https:\/\/archive.liveaction.org\/news\/children-baptized-spain-rescued\/\"]}]},{\"@type\":\"BreadcrumbList\",\"@id\":\"https:\/\/archive.liveaction.org\/news\/children-baptized-spain-rescued\/#breadcrumb\",\"itemListElement\":[{\"@type\":\"ListItem\",\"position\":1,\"name\":\"Home\",\"item\":\"https:\/\/archive.liveaction.org\/news\/\"},{\"@type\":\"ListItem\",\"position\":2,\"name\":\"14 children baptized in Spain after rescues from abortion facilities\"}]},{\"@type\":\"WebSite\",\"@id\":\"https:\/\/archive.liveaction.org\/news\/#website\",\"url\":\"https:\/\/archive.liveaction.org\/news\/\",\"name\":\"Live Action News\",\"description\":\"Covering Human Rights, Abortion, &amp; Pro-Life Issues\",\"publisher\":{\"@id\":\"https:\/\/archive.liveaction.org\/news\/#organization\"},\"potentialAction\":[{\"@type\":\"SearchAction\",\"target\":{\"@type\":\"EntryPoint\",\"urlTemplate\":\"https:\/\/archive.liveaction.org\/news\/?s={search_term_string}\"},\"query-input\":\"required name=search_term_string\"}],\"inLanguage\":\"en-US\"},{\"@type\":\"Organization\",\"@id\":\"https:\/\/archive.liveaction.org\/news\/#organization\",\"name\":\"Live Action\",\"url\":\"https:\/\/archive.liveaction.org\/news\/\",\"logo\":{\"@type\":\"ImageObject\",\"inLanguage\":\"en-US\",\"@id\":\"https:\/\/archive.liveaction.org\/news\/#\/schema\/logo\/image\/\",\"url\":\"https:\/\/archive.liveaction.org\/news\/wp-content\/uploads\/2016\/06\/Live-Action-Logo-Black.png\",\"contentUrl\":\"https:\/\/archive.liveaction.org\/news\/wp-content\/uploads\/2016\/06\/Live-Action-Logo-Black.png\",\"width\":701,\"height\":710,\"caption\":\"Live Action\"},\"image\":{\"@id\":\"https:\/\/archive.liveaction.org\/news\/#\/schema\/logo\/image\/\"},\"sameAs\":[\"https:\/\/www.facebook.com\/liveaction\",\"https:\/\/twitter.com\/liveaction\",\"https:\/\/www.instagram.com\/liveactionorg\/\",\"https:\/\/www.pinterest.com\/LiveActionFilms\/\",\"https:\/\/www.youtube.com\/user\/LiveActionFilms\"]},{\"@type\":\"Person\",\"@id\":\"https:\/\/archive.liveaction.org\/news\/#\/schema\/person\/d6e2393eb153ee79febfd549cafcfabd\",\"name\":\"Sam Dorman\",\"image\":{\"@type\":\"ImageObject\",\"inLanguage\":\"en-US\",\"@id\":\"https:\/\/archive.liveaction.org\/news\/#\/schema\/person\/image\/\",\"url\":\"https:\/\/secure.gravatar.com\/avatar\/7e4164832783f2867b914c138a436a53?s=96&d=mm&r=g\",\"contentUrl\":\"https:\/\/secure.gravatar.com\/avatar\/7e4164832783f2867b914c138a436a53?s=96&d=mm&r=g\",\"caption\":\"Sam Dorman\"},\"url\":\"https:\/\/archive.liveaction.org\/news\/author\/sam-dorman\/\"}]}<\/script>\n<!-- \/ Yoast SEO plugin. -->","yoast_head_json":{"title":"14 children baptized in Spain after rescues from abortion facilities","description":"A group of 14 babies has been baptized into the Catholic Church in Spain after pro-lifers rescued them from abortion facilities.","robots":{"index":"index","follow":"follow","max-snippet":"max-snippet:-1","max-image-preview":"max-image-preview:large","max-video-preview":"max-video-preview:-1"},"canonical":"https:\/\/archive.liveaction.org\/news\/children-baptized-spain-rescued\/","og_locale":"en_US","og_type":"article","og_title":"14 children baptized in Spain after rescues from abortion facilities","og_description":"A group of 14 babies has been baptized into the Catholic Church in Spain after pro-lifers rescued them from abortion facilities.","og_url":"https:\/\/archive.liveaction.org\/news\/children-baptized-spain-rescued\/","og_site_name":"Live Action News","article_publisher":"https:\/\/www.facebook.com\/liveaction","article_published_time":"2022-10-03T21:39:22+00:00","article_modified_time":"2022-10-01T20:31:00+00:00","og_image":[{"width":1200,"height":650,"url":"https:\/\/archive.liveaction.org\/news\/wp-content\/uploads\/2021\/09\/GettyImages-155134002-baby-church-baptism.jpg","type":"image\/jpeg"}],"author":"Sam Dorman","twitter_card":"summary_large_image","twitter_creator":"@liveaction","twitter_site":"@liveaction","twitter_misc":{"Written by":"Sam Dorman","Est. reading time":"2 minutes"},"schema":{"@context":"https:\/\/schema.org","@graph":[{"@type":"Article","@id":"https:\/\/archive.liveaction.org\/news\/children-baptized-spain-rescued\/#article","isPartOf":{"@id":"https:\/\/archive.liveaction.org\/news\/children-baptized-spain-rescued\/"},"author":{"name":"Sam Dorman","@id":"https:\/\/archive.liveaction.org\/news\/#\/schema\/person\/d6e2393eb153ee79febfd549cafcfabd"},"headline":"14 children baptized in Spain after rescues from abortion facilities","datePublished":"2022-10-03T21:39:22+00:00","dateModified":"2022-10-01T20:31:00+00:00","mainEntityOfPage":{"@id":"https:\/\/archive.liveaction.org\/news\/children-baptized-spain-rescued\/"},"wordCount":436,"publisher":{"@id":"https:\/\/archive.liveaction.org\/news\/#organization"},"keywords":["abortion","baptism","Bishop Gin\u00e9s Garc\u00eda Beltr\u00e1n","Catholic Church","spain"],"articleSection":["International","Newsbreak"],"inLanguage":"en-US"},{"@type":"WebPage","@id":"https:\/\/archive.liveaction.org\/news\/children-baptized-spain-rescued\/","url":"https:\/\/archive.liveaction.org\/news\/children-baptized-spain-rescued\/","name":"14 children baptized in Spain after rescues from abortion facilities","isPartOf":{"@id":"https:\/\/archive.liveaction.org\/news\/#website"},"datePublished":"2022-10-03T21:39:22+00:00","dateModified":"2022-10-01T20:31:00+00:00","description":"A group of 14 babies has been baptized into the Catholic Church in Spain after pro-lifers rescued them from abortion facilities.","breadcrumb":{"@id":"https:\/\/archive.liveaction.org\/news\/children-baptized-spain-rescued\/#breadcrumb"},"inLanguage":"en-US","potentialAction":[{"@type":"ReadAction","target":["https:\/\/archive.liveaction.org\/news\/children-baptized-spain-rescued\/"]}]},{"@type":"BreadcrumbList","@id":"https:\/\/archive.liveaction.org\/news\/children-baptized-spain-rescued\/#breadcrumb","itemListElement":[{"@type":"ListItem","position":1,"name":"Home","item":"https:\/\/archive.liveaction.org\/news\/"},{"@type":"ListItem","position":2,"name":"14 children baptized in Spain after rescues from abortion facilities"}]},{"@type":"WebSite","@id":"https:\/\/archive.liveaction.org\/news\/#website","url":"https:\/\/archive.liveaction.org\/news\/","name":"Live Action News","description":"Covering Human Rights, Abortion, &amp; Pro-Life Issues","publisher":{"@id":"https:\/\/archive.liveaction.org\/news\/#organization"},"potentialAction":[{"@type":"SearchAction","target":{"@type":"EntryPoint","urlTemplate":"https:\/\/archive.liveaction.org\/news\/?s={search_term_string}"},"query-input":"required name=search_term_string"}],"inLanguage":"en-US"},{"@type":"Organization","@id":"https:\/\/archive.liveaction.org\/news\/#organization","name":"Live Action","url":"https:\/\/archive.liveaction.org\/news\/","logo":{"@type":"ImageObject","inLanguage":"en-US","@id":"https:\/\/archive.liveaction.org\/news\/#\/schema\/logo\/image\/","url":"https:\/\/archive.liveaction.org\/news\/wp-content\/uploads\/2016\/06\/Live-Action-Logo-Black.png","contentUrl":"https:\/\/archive.liveaction.org\/news\/wp-content\/uploads\/2016\/06\/Live-Action-Logo-Black.png","width":701,"height":710,"caption":"Live Action"},"image":{"@id":"https:\/\/archive.liveaction.org\/news\/#\/schema\/logo\/image\/"},"sameAs":["https:\/\/www.facebook.com\/liveaction","https:\/\/twitter.com\/liveaction","https:\/\/www.instagram.com\/liveactionorg\/","https:\/\/www.pinterest.com\/LiveActionFilms\/","https:\/\/www.youtube.com\/user\/LiveActionFilms"]},{"@type":"Person","@id":"https:\/\/archive.liveaction.org\/news\/#\/schema\/person\/d6e2393eb153ee79febfd549cafcfabd","name":"Sam Dorman","image":{"@type":"ImageObject","inLanguage":"en-US","@id":"https:\/\/archive.liveaction.org\/news\/#\/schema\/person\/image\/","url":"https:\/\/secure.gravatar.com\/avatar\/7e4164832783f2867b914c138a436a53?s=96&d=mm&r=g","contentUrl":"https:\/\/secure.gravatar.com\/avatar\/7e4164832783f2867b914c138a436a53?s=96&d=mm&r=g","caption":"Sam Dorman"},"url":"https:\/\/archive.liveaction.org\/news\/author\/sam-dorman\/"}]}},"_links":{"self":[{"href":"https:\/\/archive.liveaction.org\/news\/wp-json\/wp\/v2\/posts\/276918"}],"collection":[{"href":"https:\/\/archive.liveaction.org\/news\/wp-json\/wp\/v2\/posts"}],"about":[{"href":"https:\/\/archive.liveaction.org\/news\/wp-json\/wp\/v2\/types\/post"}],"author":[{"embeddable":true,"href":"https:\/\/archive.liveaction.org\/news\/wp-json\/wp\/v2\/users\/868"}],"replies":[{"embeddable":true,"href":"https:\/\/archive.liveaction.org\/news\/wp-json\/wp\/v2\/comments?post=276918"}],"version-history":[{"count":5,"href":"https:\/\/archive.liveaction.org\/news\/wp-json\/wp\/v2\/posts\/276918\/revisions"}],"predecessor-version":[{"id":277114,"href":"https:\/\/archive.liveaction.org\/news\/wp-json\/wp\/v2\/posts\/276918\/revisions\/277114"}],"wp:featuredmedia":[{"embeddable":true,"href":"https:\/\/archive.liveaction.org\/news\/wp-json\/wp\/v2\/media\/254252"}],"wp:attachment":[{"href":"https:\/\/archive.liveaction.org\/news\/wp-json\/wp\/v2\/media?parent=276918"}],"wp:term":[{"taxonomy":"category","embeddable":true,"href":"https:\/\/archive.liveaction.org\/news\/wp-json\/wp\/v2\/categories?post=276918"},{"taxonomy":"post_tag","embeddable":true,"href":"https:\/\/archive.liveaction.org\/news\/wp-json\/wp\/v2\/tags?post=276918"}],"curies":[{"name":"wp","href":"https:\/\/api.w.org\/{rel}","templated":true}]}}