{"id":272205,"date":"2022-07-12T14:34:24","date_gmt":"2022-07-12T19:34:24","guid":{"rendered":"https:\/\/www.liveaction.org\/news\/?p=272205"},"modified":"2022-07-11T17:41:00","modified_gmt":"2022-07-11T22:41:00","slug":"media-lies-woman-jailed-miscarriage-el-salvador","status":"publish","type":"post","link":"https:\/\/archive.liveaction.org\/news\/media-lies-woman-jailed-miscarriage-el-salvador\/","title":{"rendered":"Media lies about woman jailed for &#8216;miscarriage&#8217; in El Salvador. It was infanticide."},"content":{"rendered":"<div style=\"margin-top: 0px; margin-bottom: 0px;\" class=\"sharethis-inline-share-buttons\" ><\/div><p>Media outlets around the world are reporting that 21-year-old\u00a0Lesly Ram\u00edrez of El Salvador has been sentenced to 50 years in prison for a miscarriage because abortion is illegal in the nation. The reports, however, are untrue;\u00a0Ram\u00edrez has actually been found <a href=\"https:\/\/www.aciprensa.com\/noticias\/fake-news-una-joven-fue-condenada-a-50-anos-por-aborto-en-el-salvador-esta-es-la-verdad-25588\" target=\"_blank\" rel=\"noopener\">guilty of murdering<\/a> her newborn baby.<\/p>\n<p>On June 17, 2020,\u00a0Ram\u00edrez gave birth to baby girl who was born alive and is estimated to have been between 37 and 40 weeks gestation.\u00a0Ram\u00edrez had hidden the pregnancy from her family, and claimed she tried to cut the umbilical cord in the dark. However, the newborn baby was <em>stabbed six times in the neck<\/em> and died from those injuries.<\/p>\n<p>When her family realized what had happened, they took\u00a0Ram\u00edrez to the hospital where she was eventually detained by police. Police retrieved the baby&#8217;s body in the early morning hours of June 18 on the patio where\u00a0Ram\u00edrez had left her body. They also located the knife used to stab the newborn.<\/p>\n<p>&#8220;Lesly Lisbeth Ram\u00edrez Ram\u00edrez, 21, will spend her next 50 years in prison for having taken the life of her newborn descendant,&#8221; explained the office of the Attorney General of the Republic (FGR) of El Salvador in a <a href=\"https:\/\/www.fiscalia.gob.sv\/joven-es-condenada-a-50-anos-de-prision-por-matar-a-su-hija-recien-nacida-en-san-miguel%EF%BF%BC\/\" target=\"_blank\" rel=\"noopener\">statement<\/a>. The statement continued, &#8220;The accused was declared responsible for the Aggravated Homicide of the baby for causing six injuries to her neck, using a knife.&#8221;<\/p>\n<p><strong>READ:\u00a0<em><a href=\"https:\/\/archive.liveaction.org\/news\/newborns-el-salvador-murdered-media-lies\/\">Newborns in El Salvador were stabbed and strangled\u2026 but media claims mothers were jailed for \u2018miscarriage\u2019<\/a><\/em><\/strong><\/p>\n<p>After her trial, the First Sentencing Court of San Miguel sentenced\u00a0Ram\u00edrez and the Prosecutor&#8217;s Office said that according to the forensic report, the baby had <a href=\"https:\/\/www.fiscalia.gob.sv\/joven-madre-se-mantendra-en-prision-por-el-homicidio-de-su-hija-recien-nacida\/\" target=\"_blank\" rel=\"noopener\">died<\/a> from &#8220;cutting the throat due to a contusive-cutting wound caused by the knife.&#8221;<\/p>\n<p>However, pro-abortion <a href=\"https:\/\/agrupacionciudadana.org\/50-anos-de-carcel-por-una-emergencia-obstetrica-la-pena-maxima-en-el-salvador\/\" target=\"_blank\" rel=\"noopener\">organizations<\/a> and media <a href=\"https:\/\/www.dailymail.co.uk\/news\/article-10981783\/El-Salvador-womans-50-year-jail-sentence-outrages-abortion-rights-group.html\" target=\"_blank\" rel=\"noopener\">outlets<\/a> are claiming that\u00a0Ram\u00edrez had an &#8220;obstetric emergency at home&#8221; and that labor had begun and she <em>miscarried<\/em> her near full-term baby.\u00a0\u201cShe went to the latrine and at that moment she had a precipitous delivery expelling the unborn child, &#8216;I felt something come out of me&#8217;, it was dark and she couldn&#8217;t see what she was expelling, she got scared and panicked, everything was confusing, since I was a first-timer,\u201d claimed the pro-abortion feminist organization Citizen Group for the Decriminalization of Abortion in a\u00a0<a href=\"https:\/\/agrupacionciudadana.org\/50-anos-de-carcel-por-una-emergencia-obstetrica-la-pena-maxima-en-el-salvador\/\">statement<\/a>.<\/p>\n<p>The group claims that\u00a0Ram\u00edrez has been jailed for an abortion she didn&#8217;t have. Abortion in El Salvador, however, is punishable by <em>four to ten<\/em> years in prison, not 50.\u00a0The President of the pro-life organization VIDA SV said that the judicial process against Ram\u00edrez &#8220;lasted 2 years and, according to official sources, there was enough evidence to determine Lesly&#8217;s responsibility in the homicide of a baby who was born alive and was found wounded with her throat slashed.&#8221;<\/p>\n<p>He added, &#8220;No miscarriage comes out with stabs in the neck.&#8221;<\/p>\n<p>There are <a href=\"https:\/\/archive.liveaction.org\/news\/el-salvador-roe-miscarriage-jail\/\" target=\"_blank\" rel=\"noopener\">multiple women<\/a> who have been jailed in El Salvador for acts of infanticide, including <a href=\"https:\/\/archive.liveaction.org\/news\/newborns-el-salvador-murdered-media-lies\/\" target=\"_blank\" rel=\"noopener\">strangulation and stabbing<\/a>, though the media claims they were jailed for miscarriage \u2014\u00a0and pro-abortion groups including Planned Parenthood are using the murders to push for El Salvador to legalize abortion. However,\u00a0Dr. Jos\u00e9 Miguel Fort\u00edn-Maga\u00f1a Leiva, the former director-general of the Dr. Roberto Masferrer Institute of Forensic Medicine of El Salvador, has said,\u00a0\u201cAs former director of the Institute of Forensic Medicine and as a doctor, I can assure you that the foregoing is totally false, there\u2019s not a single case of women imprisoned for that reason.\u201d<\/p>\n<p>Likewise, the President of Yes to Life Foundation in El Salvador, Julia Regina de Cardenal, explained, \u201cIn El Salvador there\u2019s not a single woman imprisoned for induced abortion, because women found guilty are sentenced to community service.\u201d She continued by saying, \u201cThe women she says are supposedly imprisoned for \u2018miscarriages\u2019 and \u2018obstetrical problems\u2019 were actually convicted of aggravated homicide of their newborn babies.\u201d<\/p>\n<p style=\"text-align: center;\"><strong><em><a href=\"https:\/\/www.facebook.com\/liveactionnewsonline\/?ref=br_rs\" target=\"_blank\" rel=\"noopener\">\u201cLike\u201d Live Action News on Facebook<\/a>\u00a0for more pro-life news and commentary!<\/em><\/strong><\/p>\n","protected":false},"excerpt":{"rendered":"<p>Media outlets around the world are reporting that 21-year-old\u00a0Lesly Ram\u00edrez of El Salvador has been sentenced to 50 years in prison for a miscarriage because abortion is illegal in the nation. The reports, however, are untrue;\u00a0Ram\u00edrez has actually been found guilty of murdering her newborn baby. On June 17, 2020,\u00a0Ram\u00edrez gave birth to baby girl [&hellip;]<\/p>\n","protected":false},"author":62,"featured_media":272258,"comment_status":"closed","ping_status":"closed","sticky":false,"template":"","format":"standard","meta":{"om_disable_all_campaigns":false},"categories":[5,4,3473],"tags":[1778,27,18077,1767,18076],"yoast_head":"<!-- This site is optimized with the Yoast SEO plugin v20.7 - https:\/\/yoast.com\/wordpress\/plugins\/seo\/ -->\n<title>Media lies about woman jailed for &#039;miscarriage&#039; in El Salvador. It was infanticide.<\/title>\n<meta name=\"description\" content=\"&quot;There was enough evidence to determine [her] responsibility in the homicide of a baby... No miscarriage comes out with stabs in the neck.&quot;\" \/>\n<meta name=\"robots\" content=\"index, follow, max-snippet:-1, max-image-preview:large, max-video-preview:-1\" \/>\n<link rel=\"canonical\" href=\"https:\/\/archive.liveaction.org\/news\/media-lies-woman-jailed-miscarriage-el-salvador\/\" \/>\n<meta property=\"og:locale\" content=\"en_US\" \/>\n<meta property=\"og:type\" content=\"article\" \/>\n<meta property=\"og:title\" content=\"Media lies about woman jailed for &#039;miscarriage&#039; in El Salvador. It was infanticide.\" \/>\n<meta property=\"og:description\" content=\"&quot;There was enough evidence to determine [her] responsibility in the homicide of a baby... No miscarriage comes out with stabs in the neck.&quot;\" \/>\n<meta property=\"og:url\" content=\"https:\/\/archive.liveaction.org\/news\/media-lies-woman-jailed-miscarriage-el-salvador\/\" \/>\n<meta property=\"og:site_name\" content=\"Live Action News\" \/>\n<meta property=\"article:publisher\" content=\"https:\/\/www.facebook.com\/liveaction\" \/>\n<meta property=\"article:published_time\" content=\"2022-07-12T19:34:24+00:00\" \/>\n<meta property=\"article:modified_time\" content=\"2022-07-11T22:41:00+00:00\" \/>\n<meta property=\"og:image\" content=\"https:\/\/archive.liveaction.org\/news\/wp-content\/uploads\/2022\/07\/GettyImages-181874783-jail.jpg\" \/>\n\t<meta property=\"og:image:width\" content=\"1200\" \/>\n\t<meta property=\"og:image:height\" content=\"650\" \/>\n\t<meta property=\"og:image:type\" content=\"image\/jpeg\" \/>\n<meta name=\"author\" content=\"Nancy Flanders\" \/>\n<meta name=\"twitter:card\" content=\"summary_large_image\" \/>\n<meta name=\"twitter:creator\" content=\"@liveaction\" \/>\n<meta name=\"twitter:site\" content=\"@liveaction\" \/>\n<meta name=\"twitter:label1\" content=\"Written by\" \/>\n\t<meta name=\"twitter:data1\" content=\"Nancy Flanders\" \/>\n\t<meta name=\"twitter:label2\" content=\"Est. reading time\" \/>\n\t<meta name=\"twitter:data2\" content=\"3 minutes\" \/>\n<script type=\"application\/ld+json\" class=\"yoast-schema-graph\">{\"@context\":\"https:\/\/schema.org\",\"@graph\":[{\"@type\":\"Article\",\"@id\":\"https:\/\/archive.liveaction.org\/news\/media-lies-woman-jailed-miscarriage-el-salvador\/#article\",\"isPartOf\":{\"@id\":\"https:\/\/archive.liveaction.org\/news\/media-lies-woman-jailed-miscarriage-el-salvador\/\"},\"author\":{\"name\":\"Nancy Flanders\",\"@id\":\"https:\/\/archive.liveaction.org\/news\/#\/schema\/person\/d61ca3dd1aacf12635bdf71d75c328ef\"},\"headline\":\"Media lies about woman jailed for &#8216;miscarriage&#8217; in El Salvador. It was infanticide.\",\"datePublished\":\"2022-07-12T19:34:24+00:00\",\"dateModified\":\"2022-07-11T22:41:00+00:00\",\"mainEntityOfPage\":{\"@id\":\"https:\/\/archive.liveaction.org\/news\/media-lies-woman-jailed-miscarriage-el-salvador\/\"},\"wordCount\":662,\"publisher\":{\"@id\":\"https:\/\/archive.liveaction.org\/news\/#organization\"},\"keywords\":[\"El Salvador\",\"infanticide\",\"Lesly Lisbeth Ramirez\",\"miscarriage\",\"stabbed newborns\"],\"articleSection\":[\"International\",\"Issues\",\"Newsbreak\"],\"inLanguage\":\"en-US\"},{\"@type\":\"WebPage\",\"@id\":\"https:\/\/archive.liveaction.org\/news\/media-lies-woman-jailed-miscarriage-el-salvador\/\",\"url\":\"https:\/\/archive.liveaction.org\/news\/media-lies-woman-jailed-miscarriage-el-salvador\/\",\"name\":\"Media lies about woman jailed for 'miscarriage' in El Salvador. It was infanticide.\",\"isPartOf\":{\"@id\":\"https:\/\/archive.liveaction.org\/news\/#website\"},\"datePublished\":\"2022-07-12T19:34:24+00:00\",\"dateModified\":\"2022-07-11T22:41:00+00:00\",\"description\":\"\\\"There was enough evidence to determine [her] responsibility in the homicide of a baby... No miscarriage comes out with stabs in the neck.\\\"\",\"breadcrumb\":{\"@id\":\"https:\/\/archive.liveaction.org\/news\/media-lies-woman-jailed-miscarriage-el-salvador\/#breadcrumb\"},\"inLanguage\":\"en-US\",\"potentialAction\":[{\"@type\":\"ReadAction\",\"target\":[\"https:\/\/archive.liveaction.org\/news\/media-lies-woman-jailed-miscarriage-el-salvador\/\"]}]},{\"@type\":\"BreadcrumbList\",\"@id\":\"https:\/\/archive.liveaction.org\/news\/media-lies-woman-jailed-miscarriage-el-salvador\/#breadcrumb\",\"itemListElement\":[{\"@type\":\"ListItem\",\"position\":1,\"name\":\"Home\",\"item\":\"https:\/\/archive.liveaction.org\/news\/\"},{\"@type\":\"ListItem\",\"position\":2,\"name\":\"Media lies about woman jailed for &#8216;miscarriage&#8217; in El Salvador. It was infanticide.\"}]},{\"@type\":\"WebSite\",\"@id\":\"https:\/\/archive.liveaction.org\/news\/#website\",\"url\":\"https:\/\/archive.liveaction.org\/news\/\",\"name\":\"Live Action News\",\"description\":\"Covering Human Rights, Abortion, &amp; Pro-Life Issues\",\"publisher\":{\"@id\":\"https:\/\/archive.liveaction.org\/news\/#organization\"},\"potentialAction\":[{\"@type\":\"SearchAction\",\"target\":{\"@type\":\"EntryPoint\",\"urlTemplate\":\"https:\/\/archive.liveaction.org\/news\/?s={search_term_string}\"},\"query-input\":\"required name=search_term_string\"}],\"inLanguage\":\"en-US\"},{\"@type\":\"Organization\",\"@id\":\"https:\/\/archive.liveaction.org\/news\/#organization\",\"name\":\"Live Action\",\"url\":\"https:\/\/archive.liveaction.org\/news\/\",\"logo\":{\"@type\":\"ImageObject\",\"inLanguage\":\"en-US\",\"@id\":\"https:\/\/archive.liveaction.org\/news\/#\/schema\/logo\/image\/\",\"url\":\"https:\/\/archive.liveaction.org\/news\/wp-content\/uploads\/2016\/06\/Live-Action-Logo-Black.png\",\"contentUrl\":\"https:\/\/archive.liveaction.org\/news\/wp-content\/uploads\/2016\/06\/Live-Action-Logo-Black.png\",\"width\":701,\"height\":710,\"caption\":\"Live Action\"},\"image\":{\"@id\":\"https:\/\/archive.liveaction.org\/news\/#\/schema\/logo\/image\/\"},\"sameAs\":[\"https:\/\/www.facebook.com\/liveaction\",\"https:\/\/twitter.com\/liveaction\",\"https:\/\/www.instagram.com\/liveactionorg\/\",\"https:\/\/www.pinterest.com\/LiveActionFilms\/\",\"https:\/\/www.youtube.com\/user\/LiveActionFilms\"]},{\"@type\":\"Person\",\"@id\":\"https:\/\/archive.liveaction.org\/news\/#\/schema\/person\/d61ca3dd1aacf12635bdf71d75c328ef\",\"name\":\"Nancy Flanders\",\"image\":{\"@type\":\"ImageObject\",\"inLanguage\":\"en-US\",\"@id\":\"https:\/\/archive.liveaction.org\/news\/#\/schema\/person\/image\/\",\"url\":\"https:\/\/secure.gravatar.com\/avatar\/dee54060bdc22fdfbf36d946b3026cca?s=96&d=mm&r=g\",\"contentUrl\":\"https:\/\/secure.gravatar.com\/avatar\/dee54060bdc22fdfbf36d946b3026cca?s=96&d=mm&r=g\",\"caption\":\"Nancy Flanders\"},\"description\":\"Nancy Flanders is Associate Editor for Live Action News. She has 25 years of experience writing and editing. For more than a decade, she has focused her work on pro-life issues through human interest stories and political issues regarding abortion and physician-assisted death as well as research articles and op-eds dismantling the lies of the pro-abortion, pro-death agenda. Her work has appeared in Catholic Digest, Pregnancy Help News, and a variety of other publications.\",\"url\":\"https:\/\/archive.liveaction.org\/news\/author\/nancy\/\"}]}<\/script>\n<!-- \/ Yoast SEO plugin. -->","yoast_head_json":{"title":"Media lies about woman jailed for 'miscarriage' in El Salvador. It was infanticide.","description":"\"There was enough evidence to determine [her] responsibility in the homicide of a baby... No miscarriage comes out with stabs in the neck.\"","robots":{"index":"index","follow":"follow","max-snippet":"max-snippet:-1","max-image-preview":"max-image-preview:large","max-video-preview":"max-video-preview:-1"},"canonical":"https:\/\/archive.liveaction.org\/news\/media-lies-woman-jailed-miscarriage-el-salvador\/","og_locale":"en_US","og_type":"article","og_title":"Media lies about woman jailed for 'miscarriage' in El Salvador. It was infanticide.","og_description":"\"There was enough evidence to determine [her] responsibility in the homicide of a baby... No miscarriage comes out with stabs in the neck.\"","og_url":"https:\/\/archive.liveaction.org\/news\/media-lies-woman-jailed-miscarriage-el-salvador\/","og_site_name":"Live Action News","article_publisher":"https:\/\/www.facebook.com\/liveaction","article_published_time":"2022-07-12T19:34:24+00:00","article_modified_time":"2022-07-11T22:41:00+00:00","og_image":[{"width":1200,"height":650,"url":"https:\/\/archive.liveaction.org\/news\/wp-content\/uploads\/2022\/07\/GettyImages-181874783-jail.jpg","type":"image\/jpeg"}],"author":"Nancy Flanders","twitter_card":"summary_large_image","twitter_creator":"@liveaction","twitter_site":"@liveaction","twitter_misc":{"Written by":"Nancy Flanders","Est. reading time":"3 minutes"},"schema":{"@context":"https:\/\/schema.org","@graph":[{"@type":"Article","@id":"https:\/\/archive.liveaction.org\/news\/media-lies-woman-jailed-miscarriage-el-salvador\/#article","isPartOf":{"@id":"https:\/\/archive.liveaction.org\/news\/media-lies-woman-jailed-miscarriage-el-salvador\/"},"author":{"name":"Nancy Flanders","@id":"https:\/\/archive.liveaction.org\/news\/#\/schema\/person\/d61ca3dd1aacf12635bdf71d75c328ef"},"headline":"Media lies about woman jailed for &#8216;miscarriage&#8217; in El Salvador. It was infanticide.","datePublished":"2022-07-12T19:34:24+00:00","dateModified":"2022-07-11T22:41:00+00:00","mainEntityOfPage":{"@id":"https:\/\/archive.liveaction.org\/news\/media-lies-woman-jailed-miscarriage-el-salvador\/"},"wordCount":662,"publisher":{"@id":"https:\/\/archive.liveaction.org\/news\/#organization"},"keywords":["El Salvador","infanticide","Lesly Lisbeth Ramirez","miscarriage","stabbed newborns"],"articleSection":["International","Issues","Newsbreak"],"inLanguage":"en-US"},{"@type":"WebPage","@id":"https:\/\/archive.liveaction.org\/news\/media-lies-woman-jailed-miscarriage-el-salvador\/","url":"https:\/\/archive.liveaction.org\/news\/media-lies-woman-jailed-miscarriage-el-salvador\/","name":"Media lies about woman jailed for 'miscarriage' in El Salvador. It was infanticide.","isPartOf":{"@id":"https:\/\/archive.liveaction.org\/news\/#website"},"datePublished":"2022-07-12T19:34:24+00:00","dateModified":"2022-07-11T22:41:00+00:00","description":"\"There was enough evidence to determine [her] responsibility in the homicide of a baby... No miscarriage comes out with stabs in the neck.\"","breadcrumb":{"@id":"https:\/\/archive.liveaction.org\/news\/media-lies-woman-jailed-miscarriage-el-salvador\/#breadcrumb"},"inLanguage":"en-US","potentialAction":[{"@type":"ReadAction","target":["https:\/\/archive.liveaction.org\/news\/media-lies-woman-jailed-miscarriage-el-salvador\/"]}]},{"@type":"BreadcrumbList","@id":"https:\/\/archive.liveaction.org\/news\/media-lies-woman-jailed-miscarriage-el-salvador\/#breadcrumb","itemListElement":[{"@type":"ListItem","position":1,"name":"Home","item":"https:\/\/archive.liveaction.org\/news\/"},{"@type":"ListItem","position":2,"name":"Media lies about woman jailed for &#8216;miscarriage&#8217; in El Salvador. It was infanticide."}]},{"@type":"WebSite","@id":"https:\/\/archive.liveaction.org\/news\/#website","url":"https:\/\/archive.liveaction.org\/news\/","name":"Live Action News","description":"Covering Human Rights, Abortion, &amp; Pro-Life Issues","publisher":{"@id":"https:\/\/archive.liveaction.org\/news\/#organization"},"potentialAction":[{"@type":"SearchAction","target":{"@type":"EntryPoint","urlTemplate":"https:\/\/archive.liveaction.org\/news\/?s={search_term_string}"},"query-input":"required name=search_term_string"}],"inLanguage":"en-US"},{"@type":"Organization","@id":"https:\/\/archive.liveaction.org\/news\/#organization","name":"Live Action","url":"https:\/\/archive.liveaction.org\/news\/","logo":{"@type":"ImageObject","inLanguage":"en-US","@id":"https:\/\/archive.liveaction.org\/news\/#\/schema\/logo\/image\/","url":"https:\/\/archive.liveaction.org\/news\/wp-content\/uploads\/2016\/06\/Live-Action-Logo-Black.png","contentUrl":"https:\/\/archive.liveaction.org\/news\/wp-content\/uploads\/2016\/06\/Live-Action-Logo-Black.png","width":701,"height":710,"caption":"Live Action"},"image":{"@id":"https:\/\/archive.liveaction.org\/news\/#\/schema\/logo\/image\/"},"sameAs":["https:\/\/www.facebook.com\/liveaction","https:\/\/twitter.com\/liveaction","https:\/\/www.instagram.com\/liveactionorg\/","https:\/\/www.pinterest.com\/LiveActionFilms\/","https:\/\/www.youtube.com\/user\/LiveActionFilms"]},{"@type":"Person","@id":"https:\/\/archive.liveaction.org\/news\/#\/schema\/person\/d61ca3dd1aacf12635bdf71d75c328ef","name":"Nancy Flanders","image":{"@type":"ImageObject","inLanguage":"en-US","@id":"https:\/\/archive.liveaction.org\/news\/#\/schema\/person\/image\/","url":"https:\/\/secure.gravatar.com\/avatar\/dee54060bdc22fdfbf36d946b3026cca?s=96&d=mm&r=g","contentUrl":"https:\/\/secure.gravatar.com\/avatar\/dee54060bdc22fdfbf36d946b3026cca?s=96&d=mm&r=g","caption":"Nancy Flanders"},"description":"Nancy Flanders is Associate Editor for Live Action News. She has 25 years of experience writing and editing. For more than a decade, she has focused her work on pro-life issues through human interest stories and political issues regarding abortion and physician-assisted death as well as research articles and op-eds dismantling the lies of the pro-abortion, pro-death agenda. Her work has appeared in Catholic Digest, Pregnancy Help News, and a variety of other publications.","url":"https:\/\/archive.liveaction.org\/news\/author\/nancy\/"}]}},"_links":{"self":[{"href":"https:\/\/archive.liveaction.org\/news\/wp-json\/wp\/v2\/posts\/272205"}],"collection":[{"href":"https:\/\/archive.liveaction.org\/news\/wp-json\/wp\/v2\/posts"}],"about":[{"href":"https:\/\/archive.liveaction.org\/news\/wp-json\/wp\/v2\/types\/post"}],"author":[{"embeddable":true,"href":"https:\/\/archive.liveaction.org\/news\/wp-json\/wp\/v2\/users\/62"}],"replies":[{"embeddable":true,"href":"https:\/\/archive.liveaction.org\/news\/wp-json\/wp\/v2\/comments?post=272205"}],"version-history":[{"count":4,"href":"https:\/\/archive.liveaction.org\/news\/wp-json\/wp\/v2\/posts\/272205\/revisions"}],"predecessor-version":[{"id":272259,"href":"https:\/\/archive.liveaction.org\/news\/wp-json\/wp\/v2\/posts\/272205\/revisions\/272259"}],"wp:featuredmedia":[{"embeddable":true,"href":"https:\/\/archive.liveaction.org\/news\/wp-json\/wp\/v2\/media\/272258"}],"wp:attachment":[{"href":"https:\/\/archive.liveaction.org\/news\/wp-json\/wp\/v2\/media?parent=272205"}],"wp:term":[{"taxonomy":"category","embeddable":true,"href":"https:\/\/archive.liveaction.org\/news\/wp-json\/wp\/v2\/categories?post=272205"},{"taxonomy":"post_tag","embeddable":true,"href":"https:\/\/archive.liveaction.org\/news\/wp-json\/wp\/v2\/tags?post=272205"}],"curies":[{"name":"wp","href":"https:\/\/api.w.org\/{rel}","templated":true}]}}