{"id":255458,"date":"2021-10-19T08:46:59","date_gmt":"2021-10-19T13:46:59","guid":{"rendered":"https:\/\/www.liveaction.org\/news\/?p=255458"},"modified":"2021-10-18T18:33:17","modified_gmt":"2021-10-18T23:33:17","slug":"5000-gather-warsaw-poland-march-life-family","status":"publish","type":"post","link":"https:\/\/archive.liveaction.org\/news\/5000-gather-warsaw-poland-march-life-family\/","title":{"rendered":"5,000 gather in Warsaw for Poland&#8217;s March for Life and the Family"},"content":{"rendered":"<div style=\"margin-top: 0px; margin-bottom: 0px;\" class=\"sharethis-inline-share-buttons\" ><\/div><p>Five thousand people participated in Poland&#8217;s 16th annual <a href=\"https:\/\/www.catholicnewsagency.com\/news\/249037\/poland-s-march-for-life-and-the-family-draws-5000-people\">March for Life and the Family<\/a>, which took place in Warsaw on September 19. While previous marches took place at up to 140 satellite locations simultaneously, this year&#8217;s march was held solely in the nation&#8217;s capital due to COVID-19.<\/p>\n<p>Pawe\u0142 Ozdoba, the head of the Center for Life and the Family and an organizer for the March, opened the event by addressing this year&#8217;s fatherhood-centered theme, &#8220;Father &#8211; be, lead, protect.&#8221; Ozdoba <a href=\"https:\/\/polandin.com\/55937557\/march-for-life-and-family-passes-through-warsaw-streets\">reflected<\/a>,\u00a0&#8220;A responsible and strong father and a strong man are needed not only by the family, but also by the whole society.&#8221;\u00a0Ozdoba and other march organizers met with the country&#8217;s president\u00a0Andrzej Duda beforehand. As previously noted by <a href=\"https:\/\/archive.liveaction.org\/news\/president-poland-participates-march-life-first-time\/\">Live Action News<\/a>, in 2020, Duda became the first Polish President to attend the March.<\/p>\n<p style=\"text-align: center;\"><iframe loading=\"lazy\" style=\"border: none; overflow: hidden;\" src=\"https:\/\/www.facebook.com\/plugins\/post.php?href=https%3A%2F%2Fwww.facebook.com%2FCatholicNewsAgency%2Fposts%2F10157825135851486&amp;show_text=true&amp;width=500\" width=\"500\" height=\"506\" frameborder=\"0\" scrolling=\"no\" allowfullscreen=\"allowfullscreen\"><\/iframe><\/p>\n<p><strong>READ:\u00a0<em><a href=\"https:\/\/archive.liveaction.org\/news\/poland-pro-life-campaign-life-miracle\/\">Poland\u2019s new pro-life campaign proclaims \u2018every life is a miracle\u2019<\/a><\/em><\/strong><\/p>\n<p>The March also included a tribute to the late Cardinal Stefan Wysyznski, a staunch pro-life advocate. Wysyznski was recently beatified by the Catholic Church, a step on the path to recognized sainthood. Ozdoba commented, &#8220;The Primate of the Millennium was so often called the \u2018Father of the Nation\u2019, hence the connection. We wanted to show that Polish fathers are responsible. We want to send a signal not only to the whole of Poland but also to the whole world that there are men in Poland who take responsibility, that they do not run away from it.&#8221;<\/p>\n<div class=\"video-container\">\n<blockquote class=\"twitter-tweet\" data-width=\"550\" data-dnt=\"true\">\n<p lang=\"pl\" dir=\"ltr\">Ulice Warszawy pe\u0142ne u\u015bmiechni\u0119tych i szcz\u0119\u015bliwych rodzin! Dzi\u0119kujemy, \u017ce jeste\u015bcie z nami! \u2665\ufe0f? <a href=\"https:\/\/t.co\/KSwPIbwoly\">pic.twitter.com\/KSwPIbwoly<\/a><\/p>\n<p>&mdash; Pawe\u0142 Ozdoba (@PawelOzdoba) <a href=\"https:\/\/twitter.com\/PawelOzdoba\/status\/1439531598295207936?ref_src=twsrc%5Etfw\">September 19, 2021<\/a><\/p><\/blockquote>\n<p><script async src=\"https:\/\/platform.twitter.com\/widgets.js\" charset=\"utf-8\"><\/script><\/div>\n<p>English translation of tweet: &#8220;The streets of Warsaw full of smiling and happy families! Thank you for being with us!&#8221;<\/p>\n<p>This year&#8217;s event marked the first March since the country outlawed discriminatory abortions\u00a0based on fetal disability in 2020. The ban cannot be appealed, and <a href=\"https:\/\/archive.liveaction.org\/news\/poland-officially-bans-eugenic-abortions-disabilities\/\">took effect<\/a> on January 27, 2021. CNN previously noted that approximately 98% of abortions in Poland in 2020 were performed specifically because the child had a disability. <a href=\"https:\/\/archive.liveaction.org\/news\/poland-supporting-parents-illegal-babies-disabilities\/\">Live Action News<\/a>\u00a0has highlighted several of the many <a href=\"https:\/\/www.facebook.com\/grupaproelio\/?ref=page_internal\">Polish pro-life organizations<\/a> that have stepped up to assist mothers and families facing a poor prenatal diagnosis. Abortion remains legal in Poland in cases of rape or incest or when the mother&#8217;s <a href=\"https:\/\/archive.liveaction.org\/news\/life-mother-exceptions-abortion-unnecessary\/\">life is judged to be in danger<\/a> because of the pregnancy (see more <a href=\"https:\/\/archive.liveaction.org\/news\/life-mother-exceptions-abortion-unnecessary\/\">here<\/a> about why abortion is never truly medically necessary).<\/p>\n<p>In September,\u00a0Live Action News\u00a0<a href=\"https:\/\/archive.liveaction.org\/news\/poland-harassment-european-court-human-rights\/\">reported<\/a> that Poland continues to face harassment over its pro-life laws from the European Court of Human Rights.<\/p>\n<p style=\"text-align: center;\"><strong><em><a href=\"https:\/\/www.facebook.com\/liveactionnewsonline\/?ref=br_rs\" target=\"_blank\" rel=\"noopener\">\u201cLike\u201d Live Action News on Facebook<\/a>\u00a0for more pro-life news and commentary!<\/em><\/strong><\/p>\n","protected":false},"excerpt":{"rendered":"<p>Five thousand people participated in Poland&#8217;s 16th annual March for Life and the Family, which took place in Warsaw on September 19. While previous marches took place at up to 140 satellite locations simultaneously, this year&#8217;s march was held solely in the nation&#8217;s capital due to COVID-19. Pawe\u0142 Ozdoba, the head of the Center for [&hellip;]<\/p>\n","protected":false},"author":635,"featured_media":235340,"comment_status":"closed","ping_status":"closed","sticky":false,"template":"","format":"standard","meta":{"om_disable_all_campaigns":false},"categories":[2793,5,3473],"tags":[13555,13552,952,13551,13553,3833,13554],"yoast_head":"<!-- This site is optimized with the Yoast SEO plugin v20.7 - https:\/\/yoast.com\/wordpress\/plugins\/seo\/ -->\n<title>5,000 gather in Warsaw for Poland&#039;s March for Life and the Family<\/title>\n<meta name=\"description\" content=\"While previous marches took place at up to 140 satellite locations simultaneously, this year&#039;s march was held solely in the nation&#039;s capital due to COVID.\" \/>\n<meta name=\"robots\" content=\"index, follow, max-snippet:-1, max-image-preview:large, max-video-preview:-1\" \/>\n<link rel=\"canonical\" href=\"https:\/\/archive.liveaction.org\/news\/5000-gather-warsaw-poland-march-life-family\/\" \/>\n<meta property=\"og:locale\" content=\"en_US\" \/>\n<meta property=\"og:type\" content=\"article\" \/>\n<meta property=\"og:title\" content=\"5,000 gather in Warsaw for Poland&#039;s March for Life and the Family\" \/>\n<meta property=\"og:description\" content=\"While previous marches took place at up to 140 satellite locations simultaneously, this year&#039;s march was held solely in the nation&#039;s capital due to COVID.\" \/>\n<meta property=\"og:url\" content=\"https:\/\/archive.liveaction.org\/news\/5000-gather-warsaw-poland-march-life-family\/\" \/>\n<meta property=\"og:site_name\" content=\"Live Action News\" \/>\n<meta property=\"article:publisher\" content=\"https:\/\/www.facebook.com\/liveaction\" \/>\n<meta property=\"article:published_time\" content=\"2021-10-19T13:46:59+00:00\" \/>\n<meta property=\"article:modified_time\" content=\"2021-10-18T23:33:17+00:00\" \/>\n<meta property=\"og:image\" content=\"https:\/\/archive.liveaction.org\/news\/wp-content\/uploads\/2020\/11\/GettyImages-1148946572-poland.jpg\" \/>\n\t<meta property=\"og:image:width\" content=\"1193\" \/>\n\t<meta property=\"og:image:height\" content=\"650\" \/>\n\t<meta property=\"og:image:type\" content=\"image\/jpeg\" \/>\n<meta name=\"author\" content=\"Anne Marie Williams, RN, BSN\" \/>\n<meta name=\"twitter:card\" content=\"summary_large_image\" \/>\n<meta name=\"twitter:creator\" content=\"@liveaction\" \/>\n<meta name=\"twitter:site\" content=\"@liveaction\" \/>\n<meta name=\"twitter:label1\" content=\"Written by\" \/>\n\t<meta name=\"twitter:data1\" content=\"Anne Marie Williams, RN, BSN\" \/>\n\t<meta name=\"twitter:label2\" content=\"Est. reading time\" \/>\n\t<meta name=\"twitter:data2\" content=\"2 minutes\" \/>\n<script type=\"application\/ld+json\" class=\"yoast-schema-graph\">{\"@context\":\"https:\/\/schema.org\",\"@graph\":[{\"@type\":\"Article\",\"@id\":\"https:\/\/archive.liveaction.org\/news\/5000-gather-warsaw-poland-march-life-family\/#article\",\"isPartOf\":{\"@id\":\"https:\/\/archive.liveaction.org\/news\/5000-gather-warsaw-poland-march-life-family\/\"},\"author\":{\"name\":\"Anne Marie Williams, RN, BSN\",\"@id\":\"https:\/\/archive.liveaction.org\/news\/#\/schema\/person\/48e3f680e24f898411f4ea650018e01b\"},\"headline\":\"5,000 gather in Warsaw for Poland&#8217;s March for Life and the Family\",\"datePublished\":\"2021-10-19T13:46:59+00:00\",\"dateModified\":\"2021-10-18T23:33:17+00:00\",\"mainEntityOfPage\":{\"@id\":\"https:\/\/archive.liveaction.org\/news\/5000-gather-warsaw-poland-march-life-family\/\"},\"wordCount\":421,\"publisher\":{\"@id\":\"https:\/\/archive.liveaction.org\/news\/#organization\"},\"keywords\":[\"Andrzej Duda\",\"Cardinal Stefan Wysyznski\",\"Fatherhood\",\"March for Life and the Family\",\"Pawel Ozdoba\",\"Poland\",\"Warsaw\"],\"articleSection\":[\"Activism\",\"International\",\"Newsbreak\"],\"inLanguage\":\"en-US\"},{\"@type\":\"WebPage\",\"@id\":\"https:\/\/archive.liveaction.org\/news\/5000-gather-warsaw-poland-march-life-family\/\",\"url\":\"https:\/\/archive.liveaction.org\/news\/5000-gather-warsaw-poland-march-life-family\/\",\"name\":\"5,000 gather in Warsaw for Poland's March for Life and the Family\",\"isPartOf\":{\"@id\":\"https:\/\/archive.liveaction.org\/news\/#website\"},\"datePublished\":\"2021-10-19T13:46:59+00:00\",\"dateModified\":\"2021-10-18T23:33:17+00:00\",\"description\":\"While previous marches took place at up to 140 satellite locations simultaneously, this year's march was held solely in the nation's capital due to COVID.\",\"breadcrumb\":{\"@id\":\"https:\/\/archive.liveaction.org\/news\/5000-gather-warsaw-poland-march-life-family\/#breadcrumb\"},\"inLanguage\":\"en-US\",\"potentialAction\":[{\"@type\":\"ReadAction\",\"target\":[\"https:\/\/archive.liveaction.org\/news\/5000-gather-warsaw-poland-march-life-family\/\"]}]},{\"@type\":\"BreadcrumbList\",\"@id\":\"https:\/\/archive.liveaction.org\/news\/5000-gather-warsaw-poland-march-life-family\/#breadcrumb\",\"itemListElement\":[{\"@type\":\"ListItem\",\"position\":1,\"name\":\"Home\",\"item\":\"https:\/\/archive.liveaction.org\/news\/\"},{\"@type\":\"ListItem\",\"position\":2,\"name\":\"5,000 gather in Warsaw for Poland&#8217;s March for Life and the Family\"}]},{\"@type\":\"WebSite\",\"@id\":\"https:\/\/archive.liveaction.org\/news\/#website\",\"url\":\"https:\/\/archive.liveaction.org\/news\/\",\"name\":\"Live Action News\",\"description\":\"Covering Human Rights, Abortion, &amp; Pro-Life Issues\",\"publisher\":{\"@id\":\"https:\/\/archive.liveaction.org\/news\/#organization\"},\"potentialAction\":[{\"@type\":\"SearchAction\",\"target\":{\"@type\":\"EntryPoint\",\"urlTemplate\":\"https:\/\/archive.liveaction.org\/news\/?s={search_term_string}\"},\"query-input\":\"required name=search_term_string\"}],\"inLanguage\":\"en-US\"},{\"@type\":\"Organization\",\"@id\":\"https:\/\/archive.liveaction.org\/news\/#organization\",\"name\":\"Live Action\",\"url\":\"https:\/\/archive.liveaction.org\/news\/\",\"logo\":{\"@type\":\"ImageObject\",\"inLanguage\":\"en-US\",\"@id\":\"https:\/\/archive.liveaction.org\/news\/#\/schema\/logo\/image\/\",\"url\":\"https:\/\/archive.liveaction.org\/news\/wp-content\/uploads\/2016\/06\/Live-Action-Logo-Black.png\",\"contentUrl\":\"https:\/\/archive.liveaction.org\/news\/wp-content\/uploads\/2016\/06\/Live-Action-Logo-Black.png\",\"width\":701,\"height\":710,\"caption\":\"Live Action\"},\"image\":{\"@id\":\"https:\/\/archive.liveaction.org\/news\/#\/schema\/logo\/image\/\"},\"sameAs\":[\"https:\/\/www.facebook.com\/liveaction\",\"https:\/\/twitter.com\/liveaction\",\"https:\/\/www.instagram.com\/liveactionorg\/\",\"https:\/\/www.pinterest.com\/LiveActionFilms\/\",\"https:\/\/www.youtube.com\/user\/LiveActionFilms\"]},{\"@type\":\"Person\",\"@id\":\"https:\/\/archive.liveaction.org\/news\/#\/schema\/person\/48e3f680e24f898411f4ea650018e01b\",\"name\":\"Anne Marie Williams, RN, BSN\",\"image\":{\"@type\":\"ImageObject\",\"inLanguage\":\"en-US\",\"@id\":\"https:\/\/archive.liveaction.org\/news\/#\/schema\/person\/image\/\",\"url\":\"https:\/\/secure.gravatar.com\/avatar\/27753e50a006dd85ec60e2a77e6c6a52?s=96&d=mm&r=g\",\"contentUrl\":\"https:\/\/secure.gravatar.com\/avatar\/27753e50a006dd85ec60e2a77e6c6a52?s=96&d=mm&r=g\",\"caption\":\"Anne Marie Williams, RN, BSN\"},\"description\":\"Anne Marie Williams is a mom of five with 10 years of nursing experience, primarily in the ICU setting. Her writing advocates for an approach to women's health that respects and supports the female body and fertility, and educates on the harms of hormonal birth control. She hosts a postpartum podcast to help other moms experience postpartum as a time of grit, growth, and grace.\",\"url\":\"https:\/\/archive.liveaction.org\/news\/author\/anne-marie-williams\/\"}]}<\/script>\n<!-- \/ Yoast SEO plugin. -->","yoast_head_json":{"title":"5,000 gather in Warsaw for Poland's March for Life and the Family","description":"While previous marches took place at up to 140 satellite locations simultaneously, this year's march was held solely in the nation's capital due to COVID.","robots":{"index":"index","follow":"follow","max-snippet":"max-snippet:-1","max-image-preview":"max-image-preview:large","max-video-preview":"max-video-preview:-1"},"canonical":"https:\/\/archive.liveaction.org\/news\/5000-gather-warsaw-poland-march-life-family\/","og_locale":"en_US","og_type":"article","og_title":"5,000 gather in Warsaw for Poland's March for Life and the Family","og_description":"While previous marches took place at up to 140 satellite locations simultaneously, this year's march was held solely in the nation's capital due to COVID.","og_url":"https:\/\/archive.liveaction.org\/news\/5000-gather-warsaw-poland-march-life-family\/","og_site_name":"Live Action News","article_publisher":"https:\/\/www.facebook.com\/liveaction","article_published_time":"2021-10-19T13:46:59+00:00","article_modified_time":"2021-10-18T23:33:17+00:00","og_image":[{"width":1193,"height":650,"url":"https:\/\/archive.liveaction.org\/news\/wp-content\/uploads\/2020\/11\/GettyImages-1148946572-poland.jpg","type":"image\/jpeg"}],"author":"Anne Marie Williams, RN, BSN","twitter_card":"summary_large_image","twitter_creator":"@liveaction","twitter_site":"@liveaction","twitter_misc":{"Written by":"Anne Marie Williams, RN, BSN","Est. reading time":"2 minutes"},"schema":{"@context":"https:\/\/schema.org","@graph":[{"@type":"Article","@id":"https:\/\/archive.liveaction.org\/news\/5000-gather-warsaw-poland-march-life-family\/#article","isPartOf":{"@id":"https:\/\/archive.liveaction.org\/news\/5000-gather-warsaw-poland-march-life-family\/"},"author":{"name":"Anne Marie Williams, RN, BSN","@id":"https:\/\/archive.liveaction.org\/news\/#\/schema\/person\/48e3f680e24f898411f4ea650018e01b"},"headline":"5,000 gather in Warsaw for Poland&#8217;s March for Life and the Family","datePublished":"2021-10-19T13:46:59+00:00","dateModified":"2021-10-18T23:33:17+00:00","mainEntityOfPage":{"@id":"https:\/\/archive.liveaction.org\/news\/5000-gather-warsaw-poland-march-life-family\/"},"wordCount":421,"publisher":{"@id":"https:\/\/archive.liveaction.org\/news\/#organization"},"keywords":["Andrzej Duda","Cardinal Stefan Wysyznski","Fatherhood","March for Life and the Family","Pawel Ozdoba","Poland","Warsaw"],"articleSection":["Activism","International","Newsbreak"],"inLanguage":"en-US"},{"@type":"WebPage","@id":"https:\/\/archive.liveaction.org\/news\/5000-gather-warsaw-poland-march-life-family\/","url":"https:\/\/archive.liveaction.org\/news\/5000-gather-warsaw-poland-march-life-family\/","name":"5,000 gather in Warsaw for Poland's March for Life and the Family","isPartOf":{"@id":"https:\/\/archive.liveaction.org\/news\/#website"},"datePublished":"2021-10-19T13:46:59+00:00","dateModified":"2021-10-18T23:33:17+00:00","description":"While previous marches took place at up to 140 satellite locations simultaneously, this year's march was held solely in the nation's capital due to COVID.","breadcrumb":{"@id":"https:\/\/archive.liveaction.org\/news\/5000-gather-warsaw-poland-march-life-family\/#breadcrumb"},"inLanguage":"en-US","potentialAction":[{"@type":"ReadAction","target":["https:\/\/archive.liveaction.org\/news\/5000-gather-warsaw-poland-march-life-family\/"]}]},{"@type":"BreadcrumbList","@id":"https:\/\/archive.liveaction.org\/news\/5000-gather-warsaw-poland-march-life-family\/#breadcrumb","itemListElement":[{"@type":"ListItem","position":1,"name":"Home","item":"https:\/\/archive.liveaction.org\/news\/"},{"@type":"ListItem","position":2,"name":"5,000 gather in Warsaw for Poland&#8217;s March for Life and the Family"}]},{"@type":"WebSite","@id":"https:\/\/archive.liveaction.org\/news\/#website","url":"https:\/\/archive.liveaction.org\/news\/","name":"Live Action News","description":"Covering Human Rights, Abortion, &amp; Pro-Life Issues","publisher":{"@id":"https:\/\/archive.liveaction.org\/news\/#organization"},"potentialAction":[{"@type":"SearchAction","target":{"@type":"EntryPoint","urlTemplate":"https:\/\/archive.liveaction.org\/news\/?s={search_term_string}"},"query-input":"required name=search_term_string"}],"inLanguage":"en-US"},{"@type":"Organization","@id":"https:\/\/archive.liveaction.org\/news\/#organization","name":"Live Action","url":"https:\/\/archive.liveaction.org\/news\/","logo":{"@type":"ImageObject","inLanguage":"en-US","@id":"https:\/\/archive.liveaction.org\/news\/#\/schema\/logo\/image\/","url":"https:\/\/archive.liveaction.org\/news\/wp-content\/uploads\/2016\/06\/Live-Action-Logo-Black.png","contentUrl":"https:\/\/archive.liveaction.org\/news\/wp-content\/uploads\/2016\/06\/Live-Action-Logo-Black.png","width":701,"height":710,"caption":"Live Action"},"image":{"@id":"https:\/\/archive.liveaction.org\/news\/#\/schema\/logo\/image\/"},"sameAs":["https:\/\/www.facebook.com\/liveaction","https:\/\/twitter.com\/liveaction","https:\/\/www.instagram.com\/liveactionorg\/","https:\/\/www.pinterest.com\/LiveActionFilms\/","https:\/\/www.youtube.com\/user\/LiveActionFilms"]},{"@type":"Person","@id":"https:\/\/archive.liveaction.org\/news\/#\/schema\/person\/48e3f680e24f898411f4ea650018e01b","name":"Anne Marie Williams, RN, BSN","image":{"@type":"ImageObject","inLanguage":"en-US","@id":"https:\/\/archive.liveaction.org\/news\/#\/schema\/person\/image\/","url":"https:\/\/secure.gravatar.com\/avatar\/27753e50a006dd85ec60e2a77e6c6a52?s=96&d=mm&r=g","contentUrl":"https:\/\/secure.gravatar.com\/avatar\/27753e50a006dd85ec60e2a77e6c6a52?s=96&d=mm&r=g","caption":"Anne Marie Williams, RN, BSN"},"description":"Anne Marie Williams is a mom of five with 10 years of nursing experience, primarily in the ICU setting. Her writing advocates for an approach to women's health that respects and supports the female body and fertility, and educates on the harms of hormonal birth control. She hosts a postpartum podcast to help other moms experience postpartum as a time of grit, growth, and grace.","url":"https:\/\/archive.liveaction.org\/news\/author\/anne-marie-williams\/"}]}},"_links":{"self":[{"href":"https:\/\/archive.liveaction.org\/news\/wp-json\/wp\/v2\/posts\/255458"}],"collection":[{"href":"https:\/\/archive.liveaction.org\/news\/wp-json\/wp\/v2\/posts"}],"about":[{"href":"https:\/\/archive.liveaction.org\/news\/wp-json\/wp\/v2\/types\/post"}],"author":[{"embeddable":true,"href":"https:\/\/archive.liveaction.org\/news\/wp-json\/wp\/v2\/users\/635"}],"replies":[{"embeddable":true,"href":"https:\/\/archive.liveaction.org\/news\/wp-json\/wp\/v2\/comments?post=255458"}],"version-history":[{"count":5,"href":"https:\/\/archive.liveaction.org\/news\/wp-json\/wp\/v2\/posts\/255458\/revisions"}],"predecessor-version":[{"id":255471,"href":"https:\/\/archive.liveaction.org\/news\/wp-json\/wp\/v2\/posts\/255458\/revisions\/255471"}],"wp:featuredmedia":[{"embeddable":true,"href":"https:\/\/archive.liveaction.org\/news\/wp-json\/wp\/v2\/media\/235340"}],"wp:attachment":[{"href":"https:\/\/archive.liveaction.org\/news\/wp-json\/wp\/v2\/media?parent=255458"}],"wp:term":[{"taxonomy":"category","embeddable":true,"href":"https:\/\/archive.liveaction.org\/news\/wp-json\/wp\/v2\/categories?post=255458"},{"taxonomy":"post_tag","embeddable":true,"href":"https:\/\/archive.liveaction.org\/news\/wp-json\/wp\/v2\/tags?post=255458"}],"curies":[{"name":"wp","href":"https:\/\/api.w.org\/{rel}","templated":true}]}}