{"id":236107,"date":"2020-12-11T11:20:06","date_gmt":"2020-12-11T17:20:06","guid":{"rendered":"https:\/\/www.liveaction.org\/news\/?p=236107"},"modified":"2020-12-11T16:04:31","modified_gmt":"2020-12-11T22:04:31","slug":"lower-house-argentina-congress-votes-legalize-abortion","status":"publish","type":"post","link":"https:\/\/archive.liveaction.org\/news\/lower-house-argentina-congress-votes-legalize-abortion\/","title":{"rendered":"Lower house of Argentina&#8217;s congress votes to legalize abortion"},"content":{"rendered":"<div style=\"margin-top: 0px; margin-bottom: 0px;\" class=\"sharethis-inline-share-buttons\" ><\/div><p>The lower house of Argentina&#8217;s Congress has approved the legalization of abortion, according to <a href=\"https:\/\/news.yahoo.com\/argentinas-lower-house-passes-bill-124533376.html\" target=\"_blank\" rel=\"noopener\">NBC News<\/a>. The bill will now head to the Senate, which <a href=\"https:\/\/archive.liveaction.org\/news\/argentina-senate-rejects-pro-abortion\/\" target=\"_blank\" rel=\"noopener\">voted down<\/a> a similar bill two years ago. It is expected that the Senate will address the bill before the end of 2020.<\/p>\n<p>The proposed law was approved in a 131-117 vote with six abstentions after a 20-hour session. It would expand abortion in Argentina to allow abortion up to the 14th week of pregnancy. Currently, abortion is legal in the country only in cases of rape or when the mother&#8217;s life is at risk (though abortion is <a href=\"https:\/\/archive.liveaction.org\/news\/abortion-never-medically-health-care\/\" target=\"_blank\" rel=\"noopener\">never actually medically necessary<\/a>).<\/p>\n<p>Disadvantaged women in Argentina <a href=\"https:\/\/archive.liveaction.org\/news\/impoverished-women-argentina-america-agree-abortion\/\">recently wrote<\/a> to Pope Francis, who is from Argentina, asking him to help stop the legalization of abortion. After medical assistance centers were installed in poor neighborhoods in 2018, women there say they have been pressured to avoid pregnancy \u2014 and to abort if they do become pregnant. Now, they fear the pressure will increase.<\/p>\n<p>&#8220;Our voice, like that of the unborn children, is never heard,&#8221; they wrote. &#8220;They classified us as a &#8216;factory of the poor&#8217;; &#8216;workers of the State&#8217;. Our reality as women who overcome life&#8217;s challenges with our children, is overshadowed [by women who claim to] represent us without us giving our consent, stifling our true positions on the right to life.&#8221;<\/p>\n<p><strong>READ:\u00a0<em><a href=\"https:\/\/archive.liveaction.org\/news\/thousands-march-argentina-protest-efforts-legalize-abortion\/\">Thousands march in Argentina to protest country\u2019s efforts to legalize abortion<\/a><\/em><\/strong><\/p>\n<p>Argentina&#8217;s health minister Dr. Gin\u00e9s Gonz\u00e1lez Garc\u00eda, who called preborn children a &#8220;<a href=\"https:\/\/archive.liveaction.org\/news\/argentinas-health-minister-preborn-babies-phenomenon-human\/\" target=\"_blank\" rel=\"noopener\">phenomenon<\/a>,&#8221; rather than the human beings that they are, argued in favor of legalizing abortion with the excuse that it is already legal in other &#8220;religious&#8221; countries such as Italy, Spain, and Ireland, which are largely Catholic as Argentina is. &#8220;Now we are moving forward in Argentina,&#8221; he said. &#8220;If this were a masculine problem it would have been resolved a long time ago.&#8221;<\/p>\n<p>This statement is blatantly false. Pregnancy is not a &#8220;feminine problem,&#8221; but a gift in the existence of a new human being who is in the first stages of development, created biologically by both a man and a woman. Pregnancy and abortion are wrongly considered <em>women&#8217;s<\/em> issues, and therefore, abortion advocates believe that women have to have the power to kill their own children in order to be treated as\u00a0<a href=\"https:\/\/archive.liveaction.org\/news\/abortion-never-has-been-womens-equality\/\" target=\"_blank\" rel=\"noopener\">equal<\/a> to men. In reality, abortion violently kills innocent human beings and frequently causes <a href=\"https:\/\/archive.liveaction.org\/news\/post-abortion-trauma-real-researchers-denying\/\" target=\"_blank\" rel=\"noopener\">trauma<\/a> to their mothers.<\/p>\n<p>Argentina&#8217;s President\u00a0Alberto Fern\u00e1ndez has <a href=\"https:\/\/archive.liveaction.org\/news\/delay-pandemic-argentina-president-legalize-abortion\/\" target=\"_blank\" rel=\"noopener\">promised<\/a> to legalize abortion by the end of the year. If the bill passes the Senate, Argentina will be the third Latin American nation to legalize abortion, following the lead of Cuba, Uruguay, and Guyana. Abortion is also legal in Mexico City.<\/p>\n<p style=\"text-align: center;\"><em><strong><a href=\"https:\/\/www.facebook.com\/liveactionnewsonline\/\">\u201cLike\u201d Live Action News on Facebook<\/a>\u00a0for more pro-life news and commentary!<\/strong><\/em><\/p>\n","protected":false},"excerpt":{"rendered":"<p>The lower house of Argentina&#8217;s Congress has approved the legalization of abortion, according to NBC News. The bill will now head to the Senate, which voted down a similar bill two years ago. It is expected that the Senate will address the bill before the end of 2020. The proposed law was approved in a [&hellip;]<\/p>\n","protected":false},"author":62,"featured_media":236161,"comment_status":"closed","ping_status":"closed","sticky":false,"template":"","format":"standard","meta":{"om_disable_all_campaigns":false},"categories":[5,3473,11],"tags":[],"yoast_head":"<!-- This site is optimized with the Yoast SEO plugin v20.7 - https:\/\/yoast.com\/wordpress\/plugins\/seo\/ -->\n<title>Lower house of Argentina&#039;s congress votes to legalize abortion<\/title>\n<meta name=\"description\" content=\"The bill will now head to the Senate, which is expected to address it before the end of 2020. The Senate voted down a similar bill two years ago.\" \/>\n<meta name=\"robots\" content=\"index, follow, max-snippet:-1, max-image-preview:large, max-video-preview:-1\" \/>\n<link rel=\"canonical\" href=\"https:\/\/archive.liveaction.org\/news\/lower-house-argentina-congress-votes-legalize-abortion\/\" \/>\n<meta property=\"og:locale\" content=\"en_US\" \/>\n<meta property=\"og:type\" content=\"article\" \/>\n<meta property=\"og:title\" content=\"Lower house of Argentina&#039;s congress votes to legalize abortion\" \/>\n<meta property=\"og:description\" content=\"The bill will now head to the Senate, which is expected to address it before the end of 2020. The Senate voted down a similar bill two years ago.\" \/>\n<meta property=\"og:url\" content=\"https:\/\/archive.liveaction.org\/news\/lower-house-argentina-congress-votes-legalize-abortion\/\" \/>\n<meta property=\"og:site_name\" content=\"Live Action News\" \/>\n<meta property=\"article:publisher\" content=\"https:\/\/www.facebook.com\/liveaction\" \/>\n<meta property=\"article:published_time\" content=\"2020-12-11T17:20:06+00:00\" \/>\n<meta property=\"article:modified_time\" content=\"2020-12-11T22:04:31+00:00\" \/>\n<meta property=\"og:image\" content=\"https:\/\/archive.liveaction.org\/news\/wp-content\/uploads\/2020\/12\/shutterstock_1149959249-1.jpg\" \/>\n\t<meta property=\"og:image:width\" content=\"1731\" \/>\n\t<meta property=\"og:image:height\" content=\"1154\" \/>\n\t<meta property=\"og:image:type\" content=\"image\/jpeg\" \/>\n<meta name=\"author\" content=\"Nancy Flanders\" \/>\n<meta name=\"twitter:card\" content=\"summary_large_image\" \/>\n<meta name=\"twitter:creator\" content=\"@liveaction\" \/>\n<meta name=\"twitter:site\" content=\"@liveaction\" \/>\n<meta name=\"twitter:label1\" content=\"Written by\" \/>\n\t<meta name=\"twitter:data1\" content=\"Nancy Flanders\" \/>\n\t<meta name=\"twitter:label2\" content=\"Est. reading time\" \/>\n\t<meta name=\"twitter:data2\" content=\"2 minutes\" \/>\n<script type=\"application\/ld+json\" class=\"yoast-schema-graph\">{\"@context\":\"https:\/\/schema.org\",\"@graph\":[{\"@type\":\"Article\",\"@id\":\"https:\/\/archive.liveaction.org\/news\/lower-house-argentina-congress-votes-legalize-abortion\/#article\",\"isPartOf\":{\"@id\":\"https:\/\/archive.liveaction.org\/news\/lower-house-argentina-congress-votes-legalize-abortion\/\"},\"author\":{\"name\":\"Nancy Flanders\",\"@id\":\"https:\/\/archive.liveaction.org\/news\/#\/schema\/person\/d61ca3dd1aacf12635bdf71d75c328ef\"},\"headline\":\"Lower house of Argentina&#8217;s congress votes to legalize abortion\",\"datePublished\":\"2020-12-11T17:20:06+00:00\",\"dateModified\":\"2020-12-11T22:04:31+00:00\",\"mainEntityOfPage\":{\"@id\":\"https:\/\/archive.liveaction.org\/news\/lower-house-argentina-congress-votes-legalize-abortion\/\"},\"wordCount\":472,\"publisher\":{\"@id\":\"https:\/\/archive.liveaction.org\/news\/#organization\"},\"articleSection\":[\"International\",\"Newsbreak\",\"Politics\"],\"inLanguage\":\"en-US\"},{\"@type\":\"WebPage\",\"@id\":\"https:\/\/archive.liveaction.org\/news\/lower-house-argentina-congress-votes-legalize-abortion\/\",\"url\":\"https:\/\/archive.liveaction.org\/news\/lower-house-argentina-congress-votes-legalize-abortion\/\",\"name\":\"Lower house of Argentina's congress votes to legalize abortion\",\"isPartOf\":{\"@id\":\"https:\/\/archive.liveaction.org\/news\/#website\"},\"datePublished\":\"2020-12-11T17:20:06+00:00\",\"dateModified\":\"2020-12-11T22:04:31+00:00\",\"description\":\"The bill will now head to the Senate, which is expected to address it before the end of 2020. The Senate voted down a similar bill two years ago.\",\"breadcrumb\":{\"@id\":\"https:\/\/archive.liveaction.org\/news\/lower-house-argentina-congress-votes-legalize-abortion\/#breadcrumb\"},\"inLanguage\":\"en-US\",\"potentialAction\":[{\"@type\":\"ReadAction\",\"target\":[\"https:\/\/archive.liveaction.org\/news\/lower-house-argentina-congress-votes-legalize-abortion\/\"]}]},{\"@type\":\"BreadcrumbList\",\"@id\":\"https:\/\/archive.liveaction.org\/news\/lower-house-argentina-congress-votes-legalize-abortion\/#breadcrumb\",\"itemListElement\":[{\"@type\":\"ListItem\",\"position\":1,\"name\":\"Home\",\"item\":\"https:\/\/archive.liveaction.org\/news\/\"},{\"@type\":\"ListItem\",\"position\":2,\"name\":\"Lower house of Argentina&#8217;s congress votes to legalize abortion\"}]},{\"@type\":\"WebSite\",\"@id\":\"https:\/\/archive.liveaction.org\/news\/#website\",\"url\":\"https:\/\/archive.liveaction.org\/news\/\",\"name\":\"Live Action News\",\"description\":\"Covering Human Rights, Abortion, &amp; Pro-Life Issues\",\"publisher\":{\"@id\":\"https:\/\/archive.liveaction.org\/news\/#organization\"},\"potentialAction\":[{\"@type\":\"SearchAction\",\"target\":{\"@type\":\"EntryPoint\",\"urlTemplate\":\"https:\/\/archive.liveaction.org\/news\/?s={search_term_string}\"},\"query-input\":\"required name=search_term_string\"}],\"inLanguage\":\"en-US\"},{\"@type\":\"Organization\",\"@id\":\"https:\/\/archive.liveaction.org\/news\/#organization\",\"name\":\"Live Action\",\"url\":\"https:\/\/archive.liveaction.org\/news\/\",\"logo\":{\"@type\":\"ImageObject\",\"inLanguage\":\"en-US\",\"@id\":\"https:\/\/archive.liveaction.org\/news\/#\/schema\/logo\/image\/\",\"url\":\"https:\/\/archive.liveaction.org\/news\/wp-content\/uploads\/2016\/06\/Live-Action-Logo-Black.png\",\"contentUrl\":\"https:\/\/archive.liveaction.org\/news\/wp-content\/uploads\/2016\/06\/Live-Action-Logo-Black.png\",\"width\":701,\"height\":710,\"caption\":\"Live Action\"},\"image\":{\"@id\":\"https:\/\/archive.liveaction.org\/news\/#\/schema\/logo\/image\/\"},\"sameAs\":[\"https:\/\/www.facebook.com\/liveaction\",\"https:\/\/twitter.com\/liveaction\",\"https:\/\/www.instagram.com\/liveactionorg\/\",\"https:\/\/www.pinterest.com\/LiveActionFilms\/\",\"https:\/\/www.youtube.com\/user\/LiveActionFilms\"]},{\"@type\":\"Person\",\"@id\":\"https:\/\/archive.liveaction.org\/news\/#\/schema\/person\/d61ca3dd1aacf12635bdf71d75c328ef\",\"name\":\"Nancy Flanders\",\"image\":{\"@type\":\"ImageObject\",\"inLanguage\":\"en-US\",\"@id\":\"https:\/\/archive.liveaction.org\/news\/#\/schema\/person\/image\/\",\"url\":\"https:\/\/secure.gravatar.com\/avatar\/dee54060bdc22fdfbf36d946b3026cca?s=96&d=mm&r=g\",\"contentUrl\":\"https:\/\/secure.gravatar.com\/avatar\/dee54060bdc22fdfbf36d946b3026cca?s=96&d=mm&r=g\",\"caption\":\"Nancy Flanders\"},\"description\":\"Nancy Flanders is Associate Editor for Live Action News. She has 25 years of experience writing and editing. For more than a decade, she has focused her work on pro-life issues through human interest stories and political issues regarding abortion and physician-assisted death as well as research articles and op-eds dismantling the lies of the pro-abortion, pro-death agenda. Her work has appeared in Catholic Digest, Pregnancy Help News, and a variety of other publications.\",\"url\":\"https:\/\/archive.liveaction.org\/news\/author\/nancy\/\"}]}<\/script>\n<!-- \/ Yoast SEO plugin. -->","yoast_head_json":{"title":"Lower house of Argentina's congress votes to legalize abortion","description":"The bill will now head to the Senate, which is expected to address it before the end of 2020. The Senate voted down a similar bill two years ago.","robots":{"index":"index","follow":"follow","max-snippet":"max-snippet:-1","max-image-preview":"max-image-preview:large","max-video-preview":"max-video-preview:-1"},"canonical":"https:\/\/archive.liveaction.org\/news\/lower-house-argentina-congress-votes-legalize-abortion\/","og_locale":"en_US","og_type":"article","og_title":"Lower house of Argentina's congress votes to legalize abortion","og_description":"The bill will now head to the Senate, which is expected to address it before the end of 2020. The Senate voted down a similar bill two years ago.","og_url":"https:\/\/archive.liveaction.org\/news\/lower-house-argentina-congress-votes-legalize-abortion\/","og_site_name":"Live Action News","article_publisher":"https:\/\/www.facebook.com\/liveaction","article_published_time":"2020-12-11T17:20:06+00:00","article_modified_time":"2020-12-11T22:04:31+00:00","og_image":[{"width":1731,"height":1154,"url":"https:\/\/archive.liveaction.org\/news\/wp-content\/uploads\/2020\/12\/shutterstock_1149959249-1.jpg","type":"image\/jpeg"}],"author":"Nancy Flanders","twitter_card":"summary_large_image","twitter_creator":"@liveaction","twitter_site":"@liveaction","twitter_misc":{"Written by":"Nancy Flanders","Est. reading time":"2 minutes"},"schema":{"@context":"https:\/\/schema.org","@graph":[{"@type":"Article","@id":"https:\/\/archive.liveaction.org\/news\/lower-house-argentina-congress-votes-legalize-abortion\/#article","isPartOf":{"@id":"https:\/\/archive.liveaction.org\/news\/lower-house-argentina-congress-votes-legalize-abortion\/"},"author":{"name":"Nancy Flanders","@id":"https:\/\/archive.liveaction.org\/news\/#\/schema\/person\/d61ca3dd1aacf12635bdf71d75c328ef"},"headline":"Lower house of Argentina&#8217;s congress votes to legalize abortion","datePublished":"2020-12-11T17:20:06+00:00","dateModified":"2020-12-11T22:04:31+00:00","mainEntityOfPage":{"@id":"https:\/\/archive.liveaction.org\/news\/lower-house-argentina-congress-votes-legalize-abortion\/"},"wordCount":472,"publisher":{"@id":"https:\/\/archive.liveaction.org\/news\/#organization"},"articleSection":["International","Newsbreak","Politics"],"inLanguage":"en-US"},{"@type":"WebPage","@id":"https:\/\/archive.liveaction.org\/news\/lower-house-argentina-congress-votes-legalize-abortion\/","url":"https:\/\/archive.liveaction.org\/news\/lower-house-argentina-congress-votes-legalize-abortion\/","name":"Lower house of Argentina's congress votes to legalize abortion","isPartOf":{"@id":"https:\/\/archive.liveaction.org\/news\/#website"},"datePublished":"2020-12-11T17:20:06+00:00","dateModified":"2020-12-11T22:04:31+00:00","description":"The bill will now head to the Senate, which is expected to address it before the end of 2020. The Senate voted down a similar bill two years ago.","breadcrumb":{"@id":"https:\/\/archive.liveaction.org\/news\/lower-house-argentina-congress-votes-legalize-abortion\/#breadcrumb"},"inLanguage":"en-US","potentialAction":[{"@type":"ReadAction","target":["https:\/\/archive.liveaction.org\/news\/lower-house-argentina-congress-votes-legalize-abortion\/"]}]},{"@type":"BreadcrumbList","@id":"https:\/\/archive.liveaction.org\/news\/lower-house-argentina-congress-votes-legalize-abortion\/#breadcrumb","itemListElement":[{"@type":"ListItem","position":1,"name":"Home","item":"https:\/\/archive.liveaction.org\/news\/"},{"@type":"ListItem","position":2,"name":"Lower house of Argentina&#8217;s congress votes to legalize abortion"}]},{"@type":"WebSite","@id":"https:\/\/archive.liveaction.org\/news\/#website","url":"https:\/\/archive.liveaction.org\/news\/","name":"Live Action News","description":"Covering Human Rights, Abortion, &amp; Pro-Life Issues","publisher":{"@id":"https:\/\/archive.liveaction.org\/news\/#organization"},"potentialAction":[{"@type":"SearchAction","target":{"@type":"EntryPoint","urlTemplate":"https:\/\/archive.liveaction.org\/news\/?s={search_term_string}"},"query-input":"required name=search_term_string"}],"inLanguage":"en-US"},{"@type":"Organization","@id":"https:\/\/archive.liveaction.org\/news\/#organization","name":"Live Action","url":"https:\/\/archive.liveaction.org\/news\/","logo":{"@type":"ImageObject","inLanguage":"en-US","@id":"https:\/\/archive.liveaction.org\/news\/#\/schema\/logo\/image\/","url":"https:\/\/archive.liveaction.org\/news\/wp-content\/uploads\/2016\/06\/Live-Action-Logo-Black.png","contentUrl":"https:\/\/archive.liveaction.org\/news\/wp-content\/uploads\/2016\/06\/Live-Action-Logo-Black.png","width":701,"height":710,"caption":"Live Action"},"image":{"@id":"https:\/\/archive.liveaction.org\/news\/#\/schema\/logo\/image\/"},"sameAs":["https:\/\/www.facebook.com\/liveaction","https:\/\/twitter.com\/liveaction","https:\/\/www.instagram.com\/liveactionorg\/","https:\/\/www.pinterest.com\/LiveActionFilms\/","https:\/\/www.youtube.com\/user\/LiveActionFilms"]},{"@type":"Person","@id":"https:\/\/archive.liveaction.org\/news\/#\/schema\/person\/d61ca3dd1aacf12635bdf71d75c328ef","name":"Nancy Flanders","image":{"@type":"ImageObject","inLanguage":"en-US","@id":"https:\/\/archive.liveaction.org\/news\/#\/schema\/person\/image\/","url":"https:\/\/secure.gravatar.com\/avatar\/dee54060bdc22fdfbf36d946b3026cca?s=96&d=mm&r=g","contentUrl":"https:\/\/secure.gravatar.com\/avatar\/dee54060bdc22fdfbf36d946b3026cca?s=96&d=mm&r=g","caption":"Nancy Flanders"},"description":"Nancy Flanders is Associate Editor for Live Action News. She has 25 years of experience writing and editing. For more than a decade, she has focused her work on pro-life issues through human interest stories and political issues regarding abortion and physician-assisted death as well as research articles and op-eds dismantling the lies of the pro-abortion, pro-death agenda. Her work has appeared in Catholic Digest, Pregnancy Help News, and a variety of other publications.","url":"https:\/\/archive.liveaction.org\/news\/author\/nancy\/"}]}},"_links":{"self":[{"href":"https:\/\/archive.liveaction.org\/news\/wp-json\/wp\/v2\/posts\/236107"}],"collection":[{"href":"https:\/\/archive.liveaction.org\/news\/wp-json\/wp\/v2\/posts"}],"about":[{"href":"https:\/\/archive.liveaction.org\/news\/wp-json\/wp\/v2\/types\/post"}],"author":[{"embeddable":true,"href":"https:\/\/archive.liveaction.org\/news\/wp-json\/wp\/v2\/users\/62"}],"replies":[{"embeddable":true,"href":"https:\/\/archive.liveaction.org\/news\/wp-json\/wp\/v2\/comments?post=236107"}],"version-history":[{"count":3,"href":"https:\/\/archive.liveaction.org\/news\/wp-json\/wp\/v2\/posts\/236107\/revisions"}],"predecessor-version":[{"id":236137,"href":"https:\/\/archive.liveaction.org\/news\/wp-json\/wp\/v2\/posts\/236107\/revisions\/236137"}],"wp:featuredmedia":[{"embeddable":true,"href":"https:\/\/archive.liveaction.org\/news\/wp-json\/wp\/v2\/media\/236161"}],"wp:attachment":[{"href":"https:\/\/archive.liveaction.org\/news\/wp-json\/wp\/v2\/media?parent=236107"}],"wp:term":[{"taxonomy":"category","embeddable":true,"href":"https:\/\/archive.liveaction.org\/news\/wp-json\/wp\/v2\/categories?post=236107"},{"taxonomy":"post_tag","embeddable":true,"href":"https:\/\/archive.liveaction.org\/news\/wp-json\/wp\/v2\/tags?post=236107"}],"curies":[{"name":"wp","href":"https:\/\/api.w.org\/{rel}","templated":true}]}}